{"id":19584,"date":"2024-09-02T06:30:11","date_gmt":"2024-09-02T04:30:11","guid":{"rendered":"http:\/\/www.kle-blatt.de\/blog\/?p=19584"},"modified":"2024-07-17T12:53:53","modified_gmt":"2024-07-17T10:53:53","slug":"ein-klever-unterstadt-bild","status":"publish","type":"post","link":"https:\/\/www.kle-blatt.de\/blog\/kleve-in-foto-video\/aus-dem-privatalbum\/ein-klever-unterstadt-bild.html","title":{"rendered":"Erinnerst Du Dich an dieses Klever Unterstadt-Bild"},"content":{"rendered":"<p><strong>Erinnerst Du Dich an dieses Klever Unterstadt-Bild<\/strong><\/p>\n<p>Viele Klever\/innen werden sich an diesen Anblick noch erinnern. Unten rechts die Stadthalle, dar\u00fcber der Parkplatz und links oben die Rampenbr\u00fccke. Das Spoy-Center war noch nicht gebaut und auch an der Lohst\u00e4tte standen noch die alten Geb\u00e4ude. Dort, wo sich heute der Woolworth-Parkplatz befindet, sah man derzeit einen unbefestigten Platz. Oben Mitte erkennt man noch das nunmehr abgerissene Verwaltungsgeb\u00e4ude der Union.<\/p>\n<p><img loading=\"lazy\" decoding=\"async\" class=\"size-full wp-image-19585 aligncenter\" src=\"https:\/\/www.kle-blatt.de\/blog\/wp-content\/uploads\/2016\/08\/rampenbr\u00fccke-ohne-woolworth-klein.jpg\" alt=\"Erinnerst Du Dich an dieses Klever Unterstadt-Bild\" width=\"850\" height=\"564\" \/><br \/>\n(Foto: Frank Sch\u00f6ning)<\/p>\n","protected":false},"excerpt":{"rendered":"<p>Erinnerst Du Dich an dieses Klever Unterstadt-Bild Viele Klever\/innen werden sich an diesen Anblick noch erinnern. Unten rechts die Stadthalle, &hellip; <a href=\"https:\/\/www.kle-blatt.de\/blog\/kleve-in-foto-video\/aus-dem-privatalbum\/ein-klever-unterstadt-bild.html\" class=\"more-link\"><span class=\"more-button\">Weiterlesen<span class=\"screen-reader-text\">Erinnerst Du Dich an dieses Klever Unterstadt-Bild<\/span><\/span><\/a><\/p>\n","protected":false},"author":2,"featured_media":19585,"comment_status":"closed","ping_status":"closed","sticky":false,"template":"","format":"standard","meta":{"footnotes":""},"categories":[20],"tags":[4115],"class_list":["post-19584","post","type-post","status-publish","format-standard","has-post-thumbnail","hentry","category-aus-dem-privatalbum","tag-ein-klever-unterstadt-bild"],"_links":{"self":[{"href":"https:\/\/www.kle-blatt.de\/blog\/wp-json\/wp\/v2\/posts\/19584","targetHints":{"allow":["GET"]}}],"collection":[{"href":"https:\/\/www.kle-blatt.de\/blog\/wp-json\/wp\/v2\/posts"}],"about":[{"href":"https:\/\/www.kle-blatt.de\/blog\/wp-json\/wp\/v2\/types\/post"}],"author":[{"embeddable":true,"href":"https:\/\/www.kle-blatt.de\/blog\/wp-json\/wp\/v2\/users\/2"}],"replies":[{"embeddable":true,"href":"https:\/\/www.kle-blatt.de\/blog\/wp-json\/wp\/v2\/comments?post=19584"}],"version-history":[{"count":2,"href":"https:\/\/www.kle-blatt.de\/blog\/wp-json\/wp\/v2\/posts\/19584\/revisions"}],"predecessor-version":[{"id":34144,"href":"https:\/\/www.kle-blatt.de\/blog\/wp-json\/wp\/v2\/posts\/19584\/revisions\/34144"}],"wp:featuredmedia":[{"embeddable":true,"href":"https:\/\/www.kle-blatt.de\/blog\/wp-json\/wp\/v2\/media\/19585"}],"wp:attachment":[{"href":"https:\/\/www.kle-blatt.de\/blog\/wp-json\/wp\/v2\/media?parent=19584"}],"wp:term":[{"taxonomy":"category","embeddable":true,"href":"https:\/\/www.kle-blatt.de\/blog\/wp-json\/wp\/v2\/categories?post=19584"},{"taxonomy":"post_tag","embeddable":true,"href":"https:\/\/www.kle-blatt.de\/blog\/wp-json\/wp\/v2\/tags?post=19584"}],"curies":[{"name":"wp","href":"https:\/\/api.w.org\/{rel}","templated":true}]}}