{"id":19678,"date":"2025-09-26T07:20:20","date_gmt":"2025-09-26T05:20:20","guid":{"rendered":"http:\/\/www.kle-blatt.de\/blog\/?p=19678"},"modified":"2025-07-18T12:26:44","modified_gmt":"2025-07-18T10:26:44","slug":"der-schuetzenkoenig-von-rindern","status":"publish","type":"post","link":"https:\/\/www.kle-blatt.de\/blog\/kleve-in-foto-video\/aus-dem-privatalbum\/der-schuetzenkoenig-von-rindern.html","title":{"rendered":"Wer war denn mal Sch\u00fctzenk\u00f6nig?"},"content":{"rendered":"<p><strong>Wer war denn mal Sch\u00fctzenk\u00f6nig?<\/strong><\/p>\n<p>Damals wurde der neue Sch\u00fctzenk\u00f6nig von Rindern &#8222;ausgeschossen&#8220;. Das ist immer noch besser als &#8222;angeschossen&#8220;. \ud83d\ude42<br \/>\nAktuell nimmt die Anzahl der Sch\u00fctzenvereine stetig ab, was sicherlich auch daran liegt, das man beim Schie\u00dfen so schlecht auf sein Handy schauen kann.<br \/>\nUm auch j\u00fcngeren Mitb\u00fcrgern das Brauchtum wieder ein wenig in Erinnerung zu rufen, sehen wir hier ein Bild vom Sch\u00fctzenk\u00f6nig aus Rindern des Jahres 1968.<br \/>\nDieses Amt erwarb damals Franz Br\u00fcker, den wir hier im festlichen Ornat mit seiner schmucken K\u00f6nigin Silvia (ja &#8211; tats\u00e4chlich) beim so genannten Defilee bewundern k\u00f6nnen. Zur damaligen Zeit war es \u00fcblich, das man sich zum all sonnt\u00e4glichen Schie\u00dfen mit den Mitgliedern des Sch\u00fctzenvereins Rindern traf. Der derzeit geliebte Fr\u00fchschoppen ger\u00e4t angesichts des enormen Kneipen-Sterbens und der Pandemie immer mehr in Vergessenheit. Schade eigentlich&#8230;<\/p>\n<p><img loading=\"lazy\" decoding=\"async\" class=\"size-full wp-image-19679 aligncenter\" src=\"https:\/\/www.kle-blatt.de\/blog\/wp-content\/uploads\/2016\/09\/sch\u00fctzenk\u00f6nig-rindern.jpg\" alt=\"Wer war denn mal Sch\u00fctzenk\u00f6nig?\" width=\"850\" height=\"575\" \/><br \/>\n(Foto: Franz Br\u00fcker)<\/p>\n","protected":false},"excerpt":{"rendered":"<p>Wer war denn mal Sch\u00fctzenk\u00f6nig? Damals wurde der neue Sch\u00fctzenk\u00f6nig von Rindern &#8222;ausgeschossen&#8220;. Das ist immer noch besser als &#8222;angeschossen&#8220;. &hellip; <a href=\"https:\/\/www.kle-blatt.de\/blog\/kleve-in-foto-video\/aus-dem-privatalbum\/der-schuetzenkoenig-von-rindern.html\" class=\"more-link\"><span class=\"more-button\">Weiterlesen<span class=\"screen-reader-text\">Wer war denn mal Sch\u00fctzenk\u00f6nig?<\/span><\/span><\/a><\/p>\n","protected":false},"author":2,"featured_media":19679,"comment_status":"closed","ping_status":"closed","sticky":false,"template":"","format":"standard","meta":{"footnotes":""},"categories":[20],"tags":[4135],"class_list":["post-19678","post","type-post","status-publish","format-standard","has-post-thumbnail","hentry","category-aus-dem-privatalbum","tag-der-schuetzenkoenig-von-rindern"],"_links":{"self":[{"href":"https:\/\/www.kle-blatt.de\/blog\/wp-json\/wp\/v2\/posts\/19678","targetHints":{"allow":["GET"]}}],"collection":[{"href":"https:\/\/www.kle-blatt.de\/blog\/wp-json\/wp\/v2\/posts"}],"about":[{"href":"https:\/\/www.kle-blatt.de\/blog\/wp-json\/wp\/v2\/types\/post"}],"author":[{"embeddable":true,"href":"https:\/\/www.kle-blatt.de\/blog\/wp-json\/wp\/v2\/users\/2"}],"replies":[{"embeddable":true,"href":"https:\/\/www.kle-blatt.de\/blog\/wp-json\/wp\/v2\/comments?post=19678"}],"version-history":[{"count":3,"href":"https:\/\/www.kle-blatt.de\/blog\/wp-json\/wp\/v2\/posts\/19678\/revisions"}],"predecessor-version":[{"id":35618,"href":"https:\/\/www.kle-blatt.de\/blog\/wp-json\/wp\/v2\/posts\/19678\/revisions\/35618"}],"wp:featuredmedia":[{"embeddable":true,"href":"https:\/\/www.kle-blatt.de\/blog\/wp-json\/wp\/v2\/media\/19679"}],"wp:attachment":[{"href":"https:\/\/www.kle-blatt.de\/blog\/wp-json\/wp\/v2\/media?parent=19678"}],"wp:term":[{"taxonomy":"category","embeddable":true,"href":"https:\/\/www.kle-blatt.de\/blog\/wp-json\/wp\/v2\/categories?post=19678"},{"taxonomy":"post_tag","embeddable":true,"href":"https:\/\/www.kle-blatt.de\/blog\/wp-json\/wp\/v2\/tags?post=19678"}],"curies":[{"name":"wp","href":"https:\/\/api.w.org\/{rel}","templated":true}]}}