{"id":19682,"date":"2016-09-18T07:30:28","date_gmt":"2016-09-18T05:30:28","guid":{"rendered":"http:\/\/www.kle-blatt.de\/blog\/?p=19682"},"modified":"2016-09-10T13:09:55","modified_gmt":"2016-09-10T11:09:55","slug":"der-abriss-der-union-in-kleve","status":"publish","type":"post","link":"https:\/\/www.kle-blatt.de\/blog\/kleve-in-foto-video\/aus-dem-privatalbum\/der-abriss-der-union-in-kleve.html","title":{"rendered":"Der Abriss der Union in Kleve"},"content":{"rendered":"<p><strong>Der Abriss der Union in Kleve<\/strong><\/p>\n<p>Vormals ein stolzes Gro\u00df-Unternehmen und einer der gr\u00f6\u00dften Klever Arbeitgeber, n\u00e4hern wir uns so langsam dem sich \u00fcber Jahre hinweg ziehenden Ende der ehemaligen Margarinefabrik van-den-Bergh &#8211; sp\u00e4ter Margarine-Union. Nach dem Abriss des Verwaltungsgeb\u00e4udes scheint sich alles ein wenig zu lichten und auch erste Pl\u00e4ne f\u00fcr die Verwendung des riesigen Areals tauchen immer mal wieder auf. Mal sehen, wie es weiter geht&#8230;<\/p>\n<p><img loading=\"lazy\" decoding=\"async\" class=\"alignleft size-full wp-image-19683\" src=\"http:\/\/www.kle-blatt.de\/blog\/wp-content\/uploads\/2016\/09\/m\u00fcllhalde-1.jpg\" alt=\"muellhalde-1\" width=\"650\" height=\"435\" srcset=\"https:\/\/www.kle-blatt.de\/blog\/wp-content\/uploads\/2016\/09\/m\u00fcllhalde-1.jpg 650w, https:\/\/www.kle-blatt.de\/blog\/wp-content\/uploads\/2016\/09\/m\u00fcllhalde-1-300x201.jpg 300w\" sizes=\"auto, (max-width: 650px) 100vw, 650px\" \/><br \/>\n(Foto: Udo Kleinendonk)<\/p>\n","protected":false},"excerpt":{"rendered":"<p>Der Abriss der Union in Kleve Vormals ein stolzes Gro\u00df-Unternehmen und einer der gr\u00f6\u00dften Klever Arbeitgeber, n\u00e4hern wir uns so &hellip; <a href=\"https:\/\/www.kle-blatt.de\/blog\/kleve-in-foto-video\/aus-dem-privatalbum\/der-abriss-der-union-in-kleve.html\" class=\"more-link\"><span class=\"more-button\">Weiterlesen<span class=\"screen-reader-text\">Der Abriss der Union in Kleve<\/span><\/span><\/a><\/p>\n","protected":false},"author":2,"featured_media":0,"comment_status":"open","ping_status":"closed","sticky":false,"template":"","format":"standard","meta":{"footnotes":""},"categories":[20],"tags":[4136],"class_list":["post-19682","post","type-post","status-publish","format-standard","hentry","category-aus-dem-privatalbum","tag-der-abriss-der-union-in-kleve"],"_links":{"self":[{"href":"https:\/\/www.kle-blatt.de\/blog\/wp-json\/wp\/v2\/posts\/19682","targetHints":{"allow":["GET"]}}],"collection":[{"href":"https:\/\/www.kle-blatt.de\/blog\/wp-json\/wp\/v2\/posts"}],"about":[{"href":"https:\/\/www.kle-blatt.de\/blog\/wp-json\/wp\/v2\/types\/post"}],"author":[{"embeddable":true,"href":"https:\/\/www.kle-blatt.de\/blog\/wp-json\/wp\/v2\/users\/2"}],"replies":[{"embeddable":true,"href":"https:\/\/www.kle-blatt.de\/blog\/wp-json\/wp\/v2\/comments?post=19682"}],"version-history":[{"count":0,"href":"https:\/\/www.kle-blatt.de\/blog\/wp-json\/wp\/v2\/posts\/19682\/revisions"}],"wp:attachment":[{"href":"https:\/\/www.kle-blatt.de\/blog\/wp-json\/wp\/v2\/media?parent=19682"}],"wp:term":[{"taxonomy":"category","embeddable":true,"href":"https:\/\/www.kle-blatt.de\/blog\/wp-json\/wp\/v2\/categories?post=19682"},{"taxonomy":"post_tag","embeddable":true,"href":"https:\/\/www.kle-blatt.de\/blog\/wp-json\/wp\/v2\/tags?post=19682"}],"curies":[{"name":"wp","href":"https:\/\/api.w.org\/{rel}","templated":true}]}}