{"id":19830,"date":"2021-10-20T06:20:46","date_gmt":"2021-10-20T04:20:46","guid":{"rendered":"http:\/\/www.kle-blatt.de\/blog\/?p=19830"},"modified":"2021-10-20T07:25:33","modified_gmt":"2021-10-20T05:25:33","slug":"otto-der-schuetz-auf-der-hagschen","status":"publish","type":"post","link":"https:\/\/www.kle-blatt.de\/blog\/kleve-in-foto-video\/otto-der-schuetz-auf-der-hagschen.html","title":{"rendered":"Gewusst? Otto der Sch\u00fctz auf der Hagschen"},"content":{"rendered":"<p><strong>Gewusst? Otto der Sch\u00fctz auf der Hagschen<\/strong><\/p>\n<p>Wir sehen hier das Standbild von &#8222;Otto der Sch\u00fctz&#8220; auf der alten Hagschen Stra\u00dfe (heute etwa auf H\u00f6he der fr\u00fcheren Stechbahn-Apotheke). Gut gesch\u00fctzt in einer kleinen umz\u00e4unten Anlage w\u00fcrde er dort heute auch noch ein sch\u00f6nes Bild abgeben. Mehr \u00fcber dieses verschollene Denkmal, das auch auf dem Fischmarkt vor dem Gesch\u00e4ft H\u00fcnnekes (jetzt befindet sich dort der Juwelier Knops) und auch am Eingang zum Prinzenhof stand, gibt es hier:<\/p>\n<p><a href=\"http:\/\/www.kle-blatt.de\/blog\/?s=otto+der+sch%C3%BCtz\"><span style=\"color: #ff0000;\"><strong>KLICK MICH!<\/strong><\/span><\/a><\/p>\n<p><img loading=\"lazy\" decoding=\"async\" class=\"size-full wp-image-19831 aligncenter\" src=\"https:\/\/www.kle-blatt.de\/blog\/wp-content\/uploads\/2016\/09\/otto-der-sch\u00fctz-2-klein.jpg\" alt=\"Gewusst? Otto der Sch\u00fctz auf der Hagschen\" width=\"850\" height=\"577\" \/><\/p>\n","protected":false},"excerpt":{"rendered":"<p>Gewusst? Otto der Sch\u00fctz auf der Hagschen Wir sehen hier das Standbild von &#8222;Otto der Sch\u00fctz&#8220; auf der alten Hagschen &hellip; <a href=\"https:\/\/www.kle-blatt.de\/blog\/kleve-in-foto-video\/otto-der-schuetz-auf-der-hagschen.html\" class=\"more-link\"><span class=\"more-button\">Weiterlesen<span class=\"screen-reader-text\">Gewusst? Otto der Sch\u00fctz auf der Hagschen<\/span><\/span><\/a><\/p>\n","protected":false},"author":2,"featured_media":19831,"comment_status":"open","ping_status":"closed","sticky":false,"template":"","format":"standard","meta":{"footnotes":""},"categories":[3],"tags":[4169],"class_list":["post-19830","post","type-post","status-publish","format-standard","has-post-thumbnail","hentry","category-kleve-in-foto-video","tag-otto-der-schuetz-auf-der-hagschen"],"_links":{"self":[{"href":"https:\/\/www.kle-blatt.de\/blog\/wp-json\/wp\/v2\/posts\/19830","targetHints":{"allow":["GET"]}}],"collection":[{"href":"https:\/\/www.kle-blatt.de\/blog\/wp-json\/wp\/v2\/posts"}],"about":[{"href":"https:\/\/www.kle-blatt.de\/blog\/wp-json\/wp\/v2\/types\/post"}],"author":[{"embeddable":true,"href":"https:\/\/www.kle-blatt.de\/blog\/wp-json\/wp\/v2\/users\/2"}],"replies":[{"embeddable":true,"href":"https:\/\/www.kle-blatt.de\/blog\/wp-json\/wp\/v2\/comments?post=19830"}],"version-history":[{"count":2,"href":"https:\/\/www.kle-blatt.de\/blog\/wp-json\/wp\/v2\/posts\/19830\/revisions"}],"predecessor-version":[{"id":29560,"href":"https:\/\/www.kle-blatt.de\/blog\/wp-json\/wp\/v2\/posts\/19830\/revisions\/29560"}],"wp:featuredmedia":[{"embeddable":true,"href":"https:\/\/www.kle-blatt.de\/blog\/wp-json\/wp\/v2\/media\/19831"}],"wp:attachment":[{"href":"https:\/\/www.kle-blatt.de\/blog\/wp-json\/wp\/v2\/media?parent=19830"}],"wp:term":[{"taxonomy":"category","embeddable":true,"href":"https:\/\/www.kle-blatt.de\/blog\/wp-json\/wp\/v2\/categories?post=19830"},{"taxonomy":"post_tag","embeddable":true,"href":"https:\/\/www.kle-blatt.de\/blog\/wp-json\/wp\/v2\/tags?post=19830"}],"curies":[{"name":"wp","href":"https:\/\/api.w.org\/{rel}","templated":true}]}}