{"id":1985,"date":"2023-04-08T06:00:41","date_gmt":"2023-04-08T04:00:41","guid":{"rendered":"http:\/\/www.kle-blatt.de\/blog\/?p=1985"},"modified":"2023-03-14T13:10:04","modified_gmt":"2023-03-14T11:10:04","slug":"zeit-fur-bunte-ostereier","status":"publish","type":"post","link":"https:\/\/www.kle-blatt.de\/blog\/kultur\/zeit-fur-bunte-ostereier.html","title":{"rendered":"Zeit f\u00fcr bunte Ostereier"},"content":{"rendered":"<p><strong>Zeit f\u00fcr bunte Ostereier<\/strong><\/p>\n<p>Auch im Jahre 1935 wurden die Ostereier rechtzeitig zum Fest bunt bemalt. Damals war selbst das Herstellen der Farben Handarbeit und stellte sich als nicht so einfach und gesund dar.<br \/>\nWenn die Ostereier dann ihre endg\u00fcltige Bemalung erhalten haben, stellt man sie auf und \u00fcberlegt sich ein gutes Versteck daf\u00fcr.<br \/>\nDas sollte allerdings nicht zu gut sein und den Kindern noch erm\u00f6glichen, die leckeren Ostergaben auch aufzusp\u00fcren. Was bringt es schon, sich als Verstecker freudig die H\u00e4nde zu reiben, dass man seine Arbeit so gut gemacht hat, dass man selbst nicht mehr wei\u00df, wo man die Dinger platziert hat.<br \/>\nKann nach gewisser Zeit ungeahnte Folgen haben, wenn es anf\u00e4ngt zu m\u00fcffeln oder sich auff\u00e4llig viel Gedierzel in eine Richtung bewegt.<br \/>\nAlso &#8211; schlau sein und alle Verstecke merken und den verzweifelt suchenden Kindern auch mal einen entscheidenden Hinweis geben. \ud83d\ude09<\/p>\n<p><a href=\"http:\/\/www.kle-blatt.de\/blog\/wp-content\/uploads\/2013\/03\/ostereier-bemalen-1935.jpg\"><img loading=\"lazy\" decoding=\"async\" class=\"size-full wp-image-1986 aligncenter\" src=\"https:\/\/www.kle-blatt.de\/blog\/wp-content\/uploads\/2013\/03\/ostereier-bemalen-1935.jpg\" alt=\"Zeit f\u00fcr bunte Ostereier\" width=\"850\" height=\"800\" \/><\/a><br \/>\n<a href=\"http:\/\/www.kle-blatt.de\/blog\/wp-content\/uploads\/2013\/03\/four_eggs_jumping_847.gif\"><img loading=\"lazy\" decoding=\"async\" class=\"size-full wp-image-1987 aligncenter\" src=\"https:\/\/www.kle-blatt.de\/blog\/wp-content\/uploads\/2013\/03\/four_eggs_jumping_847.gif\" alt=\"Zeit f\u00fcr bunte Ostereier\" width=\"676\" height=\"2355\" \/><\/a><\/p>\n","protected":false},"excerpt":{"rendered":"<p>Zeit f\u00fcr bunte Ostereier Auch im Jahre 1935 wurden die Ostereier rechtzeitig zum Fest bunt bemalt. Damals war selbst das &hellip; <a href=\"https:\/\/www.kle-blatt.de\/blog\/kultur\/zeit-fur-bunte-ostereier.html\" class=\"more-link\"><span class=\"more-button\">Weiterlesen<span class=\"screen-reader-text\">Zeit f\u00fcr bunte Ostereier<\/span><\/span><\/a><\/p>\n","protected":false},"author":2,"featured_media":1986,"comment_status":"closed","ping_status":"closed","sticky":false,"template":"","format":"standard","meta":{"footnotes":""},"categories":[4],"tags":[563],"class_list":["post-1985","post","type-post","status-publish","format-standard","has-post-thumbnail","hentry","category-kultur","tag-zeit-fur-bunte-ostereier"],"_links":{"self":[{"href":"https:\/\/www.kle-blatt.de\/blog\/wp-json\/wp\/v2\/posts\/1985","targetHints":{"allow":["GET"]}}],"collection":[{"href":"https:\/\/www.kle-blatt.de\/blog\/wp-json\/wp\/v2\/posts"}],"about":[{"href":"https:\/\/www.kle-blatt.de\/blog\/wp-json\/wp\/v2\/types\/post"}],"author":[{"embeddable":true,"href":"https:\/\/www.kle-blatt.de\/blog\/wp-json\/wp\/v2\/users\/2"}],"replies":[{"embeddable":true,"href":"https:\/\/www.kle-blatt.de\/blog\/wp-json\/wp\/v2\/comments?post=1985"}],"version-history":[{"count":2,"href":"https:\/\/www.kle-blatt.de\/blog\/wp-json\/wp\/v2\/posts\/1985\/revisions"}],"predecessor-version":[{"id":31894,"href":"https:\/\/www.kle-blatt.de\/blog\/wp-json\/wp\/v2\/posts\/1985\/revisions\/31894"}],"wp:featuredmedia":[{"embeddable":true,"href":"https:\/\/www.kle-blatt.de\/blog\/wp-json\/wp\/v2\/media\/1986"}],"wp:attachment":[{"href":"https:\/\/www.kle-blatt.de\/blog\/wp-json\/wp\/v2\/media?parent=1985"}],"wp:term":[{"taxonomy":"category","embeddable":true,"href":"https:\/\/www.kle-blatt.de\/blog\/wp-json\/wp\/v2\/categories?post=1985"},{"taxonomy":"post_tag","embeddable":true,"href":"https:\/\/www.kle-blatt.de\/blog\/wp-json\/wp\/v2\/tags?post=1985"}],"curies":[{"name":"wp","href":"https:\/\/api.w.org\/{rel}","templated":true}]}}