{"id":19871,"date":"2016-10-16T07:30:07","date_gmt":"2016-10-16T05:30:07","guid":{"rendered":"http:\/\/www.kle-blatt.de\/blog\/?p=19871"},"modified":"2016-09-22T10:59:34","modified_gmt":"2016-09-22T08:59:34","slug":"regen-am-niederrhein","status":"publish","type":"post","link":"https:\/\/www.kle-blatt.de\/blog\/kleve-in-foto-video\/aus-dem-privatalbum\/regen-am-niederrhein.html","title":{"rendered":"Regen am Niederrhein"},"content":{"rendered":"<p><strong>Regen am Niederrhein<\/strong><\/p>\n<p>Ein nur allzu gewohntes Bild aus Kleve mit dem f\u00fcr den Niederrhein typischen Regenwetter. Hoffen wir, dass es davon nicht soviel gibt, denn das schl\u00e4gt aufs Gem\u00fct der Menschen.<\/p>\n<p><img loading=\"lazy\" decoding=\"async\" class=\"alignleft size-full wp-image-19872\" src=\"http:\/\/www.kle-blatt.de\/blog\/wp-content\/uploads\/2016\/09\/regen.jpg\" alt=\"regen\" width=\"650\" height=\"431\" srcset=\"https:\/\/www.kle-blatt.de\/blog\/wp-content\/uploads\/2016\/09\/regen.jpg 650w, https:\/\/www.kle-blatt.de\/blog\/wp-content\/uploads\/2016\/09\/regen-300x199.jpg 300w\" sizes=\"auto, (max-width: 650px) 100vw, 650px\" \/><br \/>\n(Foto: Duck (Hans-Wilhelm Heek))<\/p>\n","protected":false},"excerpt":{"rendered":"<p>Regen am Niederrhein Ein nur allzu gewohntes Bild aus Kleve mit dem f\u00fcr den Niederrhein typischen Regenwetter. Hoffen wir, dass &hellip; <a href=\"https:\/\/www.kle-blatt.de\/blog\/kleve-in-foto-video\/aus-dem-privatalbum\/regen-am-niederrhein.html\" class=\"more-link\"><span class=\"more-button\">Weiterlesen<span class=\"screen-reader-text\">Regen am Niederrhein<\/span><\/span><\/a><\/p>\n","protected":false},"author":2,"featured_media":0,"comment_status":"open","ping_status":"closed","sticky":false,"template":"","format":"standard","meta":{"footnotes":""},"categories":[20],"tags":[4182],"class_list":["post-19871","post","type-post","status-publish","format-standard","hentry","category-aus-dem-privatalbum","tag-regen-am-niederrhein"],"_links":{"self":[{"href":"https:\/\/www.kle-blatt.de\/blog\/wp-json\/wp\/v2\/posts\/19871","targetHints":{"allow":["GET"]}}],"collection":[{"href":"https:\/\/www.kle-blatt.de\/blog\/wp-json\/wp\/v2\/posts"}],"about":[{"href":"https:\/\/www.kle-blatt.de\/blog\/wp-json\/wp\/v2\/types\/post"}],"author":[{"embeddable":true,"href":"https:\/\/www.kle-blatt.de\/blog\/wp-json\/wp\/v2\/users\/2"}],"replies":[{"embeddable":true,"href":"https:\/\/www.kle-blatt.de\/blog\/wp-json\/wp\/v2\/comments?post=19871"}],"version-history":[{"count":0,"href":"https:\/\/www.kle-blatt.de\/blog\/wp-json\/wp\/v2\/posts\/19871\/revisions"}],"wp:attachment":[{"href":"https:\/\/www.kle-blatt.de\/blog\/wp-json\/wp\/v2\/media?parent=19871"}],"wp:term":[{"taxonomy":"category","embeddable":true,"href":"https:\/\/www.kle-blatt.de\/blog\/wp-json\/wp\/v2\/categories?post=19871"},{"taxonomy":"post_tag","embeddable":true,"href":"https:\/\/www.kle-blatt.de\/blog\/wp-json\/wp\/v2\/tags?post=19871"}],"curies":[{"name":"wp","href":"https:\/\/api.w.org\/{rel}","templated":true}]}}