{"id":19899,"date":"2021-10-19T06:30:30","date_gmt":"2021-10-19T04:30:30","guid":{"rendered":"http:\/\/www.kle-blatt.de\/blog\/?p=19899"},"modified":"2021-09-23T13:08:11","modified_gmt":"2021-09-23T11:08:11","slug":"die-bruecke-ueber-die-mulde","status":"publish","type":"post","link":"https:\/\/www.kle-blatt.de\/blog\/kleve-in-foto-video\/die-bruecke-ueber-die-mulde.html","title":{"rendered":"Kennst Du eigentlich die Br\u00fccke \u00fcber die Mulde?"},"content":{"rendered":"<p><strong>Kennst Du eigentlich die Br\u00fccke \u00fcber die Mulde?<\/strong><\/p>\n<p>Eine stilistisch ansehnliche Br\u00fccke, die wir hier in der damaligen\u00a0Provinzial Heil- und Pflegeanstalt Bedburg-Hau sehen. Sie f\u00fchrt \u00fcber die so genannte Mulde und wirkt \u00e4u\u00dferst markant mit ihren kunstvollen S\u00e4ulen und der ungew\u00f6hnlichen Bauart.<\/p>\n<p><img loading=\"lazy\" decoding=\"async\" class=\"size-full wp-image-19900 aligncenter\" src=\"https:\/\/www.kle-blatt.de\/blog\/wp-content\/uploads\/2016\/09\/hph-bruecke-ueber-die-mulde.jpg\" alt=\"Kennst Du eigentlich die Br\u00fccke \u00fcber die Mulde?\" width=\"850\" height=\"621\" \/><\/p>\n","protected":false},"excerpt":{"rendered":"<p>Kennst Du eigentlich die Br\u00fccke \u00fcber die Mulde? Eine stilistisch ansehnliche Br\u00fccke, die wir hier in der damaligen\u00a0Provinzial Heil- und &hellip; <a href=\"https:\/\/www.kle-blatt.de\/blog\/kleve-in-foto-video\/die-bruecke-ueber-die-mulde.html\" class=\"more-link\"><span class=\"more-button\">Weiterlesen<span class=\"screen-reader-text\">Kennst Du eigentlich die Br\u00fccke \u00fcber die Mulde?<\/span><\/span><\/a><\/p>\n","protected":false},"author":2,"featured_media":19900,"comment_status":"open","ping_status":"closed","sticky":false,"template":"","format":"standard","meta":{"footnotes":""},"categories":[3],"tags":[4191],"class_list":["post-19899","post","type-post","status-publish","format-standard","has-post-thumbnail","hentry","category-kleve-in-foto-video","tag-die-bruecke-ueber-die-mulde"],"_links":{"self":[{"href":"https:\/\/www.kle-blatt.de\/blog\/wp-json\/wp\/v2\/posts\/19899","targetHints":{"allow":["GET"]}}],"collection":[{"href":"https:\/\/www.kle-blatt.de\/blog\/wp-json\/wp\/v2\/posts"}],"about":[{"href":"https:\/\/www.kle-blatt.de\/blog\/wp-json\/wp\/v2\/types\/post"}],"author":[{"embeddable":true,"href":"https:\/\/www.kle-blatt.de\/blog\/wp-json\/wp\/v2\/users\/2"}],"replies":[{"embeddable":true,"href":"https:\/\/www.kle-blatt.de\/blog\/wp-json\/wp\/v2\/comments?post=19899"}],"version-history":[{"count":2,"href":"https:\/\/www.kle-blatt.de\/blog\/wp-json\/wp\/v2\/posts\/19899\/revisions"}],"predecessor-version":[{"id":29298,"href":"https:\/\/www.kle-blatt.de\/blog\/wp-json\/wp\/v2\/posts\/19899\/revisions\/29298"}],"wp:featuredmedia":[{"embeddable":true,"href":"https:\/\/www.kle-blatt.de\/blog\/wp-json\/wp\/v2\/media\/19900"}],"wp:attachment":[{"href":"https:\/\/www.kle-blatt.de\/blog\/wp-json\/wp\/v2\/media?parent=19899"}],"wp:term":[{"taxonomy":"category","embeddable":true,"href":"https:\/\/www.kle-blatt.de\/blog\/wp-json\/wp\/v2\/categories?post=19899"},{"taxonomy":"post_tag","embeddable":true,"href":"https:\/\/www.kle-blatt.de\/blog\/wp-json\/wp\/v2\/tags?post=19899"}],"curies":[{"name":"wp","href":"https:\/\/api.w.org\/{rel}","templated":true}]}}