{"id":19908,"date":"2023-10-08T07:10:24","date_gmt":"2023-10-08T05:10:24","guid":{"rendered":"http:\/\/www.kle-blatt.de\/blog\/?p=19908"},"modified":"2023-08-26T13:28:06","modified_gmt":"2023-08-26T11:28:06","slug":"die-outdoor-waescheleine","status":"publish","type":"post","link":"https:\/\/www.kle-blatt.de\/blog\/kleve-in-foto-video\/aus-dem-privatalbum\/die-outdoor-waescheleine.html","title":{"rendered":"Erinnerst Du Dich noch an die Outdoor-W\u00e4scheleine?"},"content":{"rendered":"<p><strong>Erinnerst Du Dich noch an die Outdoor-W\u00e4scheleine?<\/strong><\/p>\n<p>So w\u00fcrde man sie heutzutage vermutlich nennen. In den F\u00fcnfzigern und Sechzigern geh\u00f6rte dieses Bild zum Alltag. In jedem Garten in Kleve war eine W\u00e4scheleine installiert, wo Mutter oder Oma die frisch gewaschenen Kleidungsst\u00fccke zum Trocknen aufhingen. Vorher waren sie in einem Bottich mit hei\u00dfem Wasser zumeist gekocht und mit einem gro\u00dfen Holzl\u00f6ffel immer umger\u00fchrt worden. Durch die damals noch frische saubere Luft roch die W\u00e4sche immer sehr angenehm. Seit auch diese Hausarbeit automatisiert wurde und es Waschmaschinen und den W\u00e4schetrockner gibt, ist die Arbeit leichter geworden, aber flatternde, duftende W\u00e4sche im Garten sieht und riecht man immer seltener.<\/p>\n<p><img loading=\"lazy\" decoding=\"async\" class=\"size-full wp-image-19909 aligncenter\" src=\"https:\/\/www.kle-blatt.de\/blog\/wp-content\/uploads\/2016\/09\/waschtag-1.jpg\" alt=\"Erinnerst Du Dich noch an die Outdoor-W\u00e4scheleine?\" width=\"850\" height=\"1015\" \/><br \/>\n(Foto gezeigt von Peter Nengel)<\/p>\n","protected":false},"excerpt":{"rendered":"<p>Erinnerst Du Dich noch an die Outdoor-W\u00e4scheleine? So w\u00fcrde man sie heutzutage vermutlich nennen. In den F\u00fcnfzigern und Sechzigern geh\u00f6rte &hellip; <a href=\"https:\/\/www.kle-blatt.de\/blog\/kleve-in-foto-video\/aus-dem-privatalbum\/die-outdoor-waescheleine.html\" class=\"more-link\"><span class=\"more-button\">Weiterlesen<span class=\"screen-reader-text\">Erinnerst Du Dich noch an die Outdoor-W\u00e4scheleine?<\/span><\/span><\/a><\/p>\n","protected":false},"author":2,"featured_media":19909,"comment_status":"closed","ping_status":"closed","sticky":false,"template":"","format":"standard","meta":{"footnotes":""},"categories":[20],"tags":[4194],"class_list":["post-19908","post","type-post","status-publish","format-standard","has-post-thumbnail","hentry","category-aus-dem-privatalbum","tag-die-outdoor-waescheleine"],"_links":{"self":[{"href":"https:\/\/www.kle-blatt.de\/blog\/wp-json\/wp\/v2\/posts\/19908","targetHints":{"allow":["GET"]}}],"collection":[{"href":"https:\/\/www.kle-blatt.de\/blog\/wp-json\/wp\/v2\/posts"}],"about":[{"href":"https:\/\/www.kle-blatt.de\/blog\/wp-json\/wp\/v2\/types\/post"}],"author":[{"embeddable":true,"href":"https:\/\/www.kle-blatt.de\/blog\/wp-json\/wp\/v2\/users\/2"}],"replies":[{"embeddable":true,"href":"https:\/\/www.kle-blatt.de\/blog\/wp-json\/wp\/v2\/comments?post=19908"}],"version-history":[{"count":2,"href":"https:\/\/www.kle-blatt.de\/blog\/wp-json\/wp\/v2\/posts\/19908\/revisions"}],"predecessor-version":[{"id":32717,"href":"https:\/\/www.kle-blatt.de\/blog\/wp-json\/wp\/v2\/posts\/19908\/revisions\/32717"}],"wp:featuredmedia":[{"embeddable":true,"href":"https:\/\/www.kle-blatt.de\/blog\/wp-json\/wp\/v2\/media\/19909"}],"wp:attachment":[{"href":"https:\/\/www.kle-blatt.de\/blog\/wp-json\/wp\/v2\/media?parent=19908"}],"wp:term":[{"taxonomy":"category","embeddable":true,"href":"https:\/\/www.kle-blatt.de\/blog\/wp-json\/wp\/v2\/categories?post=19908"},{"taxonomy":"post_tag","embeddable":true,"href":"https:\/\/www.kle-blatt.de\/blog\/wp-json\/wp\/v2\/tags?post=19908"}],"curies":[{"name":"wp","href":"https:\/\/api.w.org\/{rel}","templated":true}]}}