{"id":19949,"date":"2020-10-18T07:00:08","date_gmt":"2020-10-18T05:00:08","guid":{"rendered":"http:\/\/www.kle-blatt.de\/blog\/?p=19949"},"modified":"2020-10-18T10:04:22","modified_gmt":"2020-10-18T08:04:22","slug":"die-minoriten-platz-idee","status":"publish","type":"post","link":"https:\/\/www.kle-blatt.de\/blog\/kleve-in-foto-video\/aus-dem-privatalbum\/die-minoriten-platz-idee.html","title":{"rendered":"Was h\u00e4ltst Du davon? Die Minoriten-Platz-Idee"},"content":{"rendered":"<p><strong>Was h\u00e4ltst Du davon? Die Minoriten-Platz-Idee<\/strong><\/p>\n<p>Ein interessanter Gedanke, der hier verfolgt wird. Hundertwasser- und Christo-Kunst (falls es eine\/n Nachfolger\/in gibt) in der Schwanenstadt. Vermutlich w\u00fcrde ein Gro\u00dfteil der Klever Bev\u00f6lkerung diesen Ansatz pr\u00e4ferieren, wenn er denn zur Vorlage k\u00e4me. Macht Eindruck und w\u00fcrde die Stadt Kleve \u00fcberlaufen lassen mit interessierten G\u00e4sten und Touristen aus aller Welt. Das k\u00f6nnte sich sogar rechnen&#8230;<\/p>\n<p><img loading=\"lazy\" decoding=\"async\" class=\"size-full wp-image-19950 aligncenter\" src=\"https:\/\/www.kle-blatt.de\/blog\/wp-content\/uploads\/2016\/10\/hundertwasser-christo.jpg\" alt=\"Was h\u00e4ltst Du davon? Die Minoriten-Platz-Idee\" width=\"850\" height=\"526\" \/><br \/>\n(Foto, Idee + Bearbeitung: Dieter Borrmann 2014)<\/p>\n","protected":false},"excerpt":{"rendered":"<p>Was h\u00e4ltst Du davon? Die Minoriten-Platz-Idee Ein interessanter Gedanke, der hier verfolgt wird. Hundertwasser- und Christo-Kunst (falls es eine\/n Nachfolger\/in &hellip; <a href=\"https:\/\/www.kle-blatt.de\/blog\/kleve-in-foto-video\/aus-dem-privatalbum\/die-minoriten-platz-idee.html\" class=\"more-link\"><span class=\"more-button\">Weiterlesen<span class=\"screen-reader-text\">Was h\u00e4ltst Du davon? Die Minoriten-Platz-Idee<\/span><\/span><\/a><\/p>\n","protected":false},"author":2,"featured_media":19950,"comment_status":"open","ping_status":"closed","sticky":false,"template":"","format":"standard","meta":{"footnotes":""},"categories":[20],"tags":[4197],"class_list":["post-19949","post","type-post","status-publish","format-standard","has-post-thumbnail","hentry","category-aus-dem-privatalbum","tag-die-minoriten-platz-idee"],"_links":{"self":[{"href":"https:\/\/www.kle-blatt.de\/blog\/wp-json\/wp\/v2\/posts\/19949","targetHints":{"allow":["GET"]}}],"collection":[{"href":"https:\/\/www.kle-blatt.de\/blog\/wp-json\/wp\/v2\/posts"}],"about":[{"href":"https:\/\/www.kle-blatt.de\/blog\/wp-json\/wp\/v2\/types\/post"}],"author":[{"embeddable":true,"href":"https:\/\/www.kle-blatt.de\/blog\/wp-json\/wp\/v2\/users\/2"}],"replies":[{"embeddable":true,"href":"https:\/\/www.kle-blatt.de\/blog\/wp-json\/wp\/v2\/comments?post=19949"}],"version-history":[{"count":4,"href":"https:\/\/www.kle-blatt.de\/blog\/wp-json\/wp\/v2\/posts\/19949\/revisions"}],"predecessor-version":[{"id":27700,"href":"https:\/\/www.kle-blatt.de\/blog\/wp-json\/wp\/v2\/posts\/19949\/revisions\/27700"}],"wp:featuredmedia":[{"embeddable":true,"href":"https:\/\/www.kle-blatt.de\/blog\/wp-json\/wp\/v2\/media\/19950"}],"wp:attachment":[{"href":"https:\/\/www.kle-blatt.de\/blog\/wp-json\/wp\/v2\/media?parent=19949"}],"wp:term":[{"taxonomy":"category","embeddable":true,"href":"https:\/\/www.kle-blatt.de\/blog\/wp-json\/wp\/v2\/categories?post=19949"},{"taxonomy":"post_tag","embeddable":true,"href":"https:\/\/www.kle-blatt.de\/blog\/wp-json\/wp\/v2\/tags?post=19949"}],"curies":[{"name":"wp","href":"https:\/\/api.w.org\/{rel}","templated":true}]}}