{"id":19986,"date":"2022-11-18T06:20:50","date_gmt":"2022-11-18T04:20:50","guid":{"rendered":"http:\/\/www.kle-blatt.de\/blog\/?p=19986"},"modified":"2022-10-20T10:45:07","modified_gmt":"2022-10-20T08:45:07","slug":"kleve-im-winter-1898","status":"publish","type":"post","link":"https:\/\/www.kle-blatt.de\/blog\/kleve-in-foto-video\/kleve-im-winter-1898.html","title":{"rendered":"Guck mal: Kleve im Winter 1898"},"content":{"rendered":"<p><strong>Guck mal: Kleve im Winter 1898<\/strong><\/p>\n<p>Die Ansicht einer tief verschneiten Stadt Cleve sehen wir hier auf diesem Bild. Das Denkmal von &#8222;Otto der Sch\u00fctz&#8220; schaute noch auf den Fischmarkt und die Menschen m\u00fchten sich noch zu Fu\u00df oder mit Pferde-Fuhrwerken von einen Ort zum anderen.<\/p>\n<p><img loading=\"lazy\" decoding=\"async\" class=\"size-full wp-image-19987 aligncenter\" src=\"https:\/\/www.kle-blatt.de\/blog\/wp-content\/uploads\/2016\/10\/cleve-im-winter-1898.jpg\" alt=\"Guck mal: Kleve im Winter 1898\" width=\"850\" height=\"1056\" \/><br \/>\n(Foto gezeigt von Dieter Borrmann)<\/p>\n","protected":false},"excerpt":{"rendered":"<p>Guck mal: Kleve im Winter 1898 Die Ansicht einer tief verschneiten Stadt Cleve sehen wir hier auf diesem Bild. Das &hellip; <a href=\"https:\/\/www.kle-blatt.de\/blog\/kleve-in-foto-video\/kleve-im-winter-1898.html\" class=\"more-link\"><span class=\"more-button\">Weiterlesen<span class=\"screen-reader-text\">Guck mal: Kleve im Winter 1898<\/span><\/span><\/a><\/p>\n","protected":false},"author":2,"featured_media":19987,"comment_status":"open","ping_status":"closed","sticky":false,"template":"","format":"standard","meta":{"footnotes":""},"categories":[3],"tags":[4198],"class_list":["post-19986","post","type-post","status-publish","format-standard","has-post-thumbnail","hentry","category-kleve-in-foto-video","tag-kleve-im-winter-1898"],"_links":{"self":[{"href":"https:\/\/www.kle-blatt.de\/blog\/wp-json\/wp\/v2\/posts\/19986","targetHints":{"allow":["GET"]}}],"collection":[{"href":"https:\/\/www.kle-blatt.de\/blog\/wp-json\/wp\/v2\/posts"}],"about":[{"href":"https:\/\/www.kle-blatt.de\/blog\/wp-json\/wp\/v2\/types\/post"}],"author":[{"embeddable":true,"href":"https:\/\/www.kle-blatt.de\/blog\/wp-json\/wp\/v2\/users\/2"}],"replies":[{"embeddable":true,"href":"https:\/\/www.kle-blatt.de\/blog\/wp-json\/wp\/v2\/comments?post=19986"}],"version-history":[{"count":3,"href":"https:\/\/www.kle-blatt.de\/blog\/wp-json\/wp\/v2\/posts\/19986\/revisions"}],"predecessor-version":[{"id":31160,"href":"https:\/\/www.kle-blatt.de\/blog\/wp-json\/wp\/v2\/posts\/19986\/revisions\/31160"}],"wp:featuredmedia":[{"embeddable":true,"href":"https:\/\/www.kle-blatt.de\/blog\/wp-json\/wp\/v2\/media\/19987"}],"wp:attachment":[{"href":"https:\/\/www.kle-blatt.de\/blog\/wp-json\/wp\/v2\/media?parent=19986"}],"wp:term":[{"taxonomy":"category","embeddable":true,"href":"https:\/\/www.kle-blatt.de\/blog\/wp-json\/wp\/v2\/categories?post=19986"},{"taxonomy":"post_tag","embeddable":true,"href":"https:\/\/www.kle-blatt.de\/blog\/wp-json\/wp\/v2\/tags?post=19986"}],"curies":[{"name":"wp","href":"https:\/\/api.w.org\/{rel}","templated":true}]}}