{"id":20059,"date":"2025-11-24T07:30:43","date_gmt":"2025-11-24T05:30:43","guid":{"rendered":"http:\/\/www.kle-blatt.de\/blog\/?p=20059"},"modified":"2025-09-10T14:12:03","modified_gmt":"2025-09-10T12:12:03","slug":"ueberfuelltes-world-center","status":"publish","type":"post","link":"https:\/\/www.kle-blatt.de\/blog\/kleve-in-foto-video\/aus-dem-privatalbum\/ueberfuelltes-world-center.html","title":{"rendered":"Hast Du damals auch f\u00fcr ein \u00fcberf\u00fclltes World Center gesorgt?"},"content":{"rendered":"<p><strong>Hast Du damals auch f\u00fcr ein \u00fcberf\u00fclltes World Center gesorgt?<\/strong><\/p>\n<p>Viele Besucher mussten damals sogar auf die B\u00fchne ausweichen, um noch Platz im total \u00fcberf\u00fcllten World Center zu haben. Hier ging jahrelang die Post ab, doch irgendwann war es zu Ende. Schade eigentlich angesichts dieses Bildes.<\/p>\n<p><img loading=\"lazy\" decoding=\"async\" class=\"size-full wp-image-20060 aligncenter\" src=\"https:\/\/www.kle-blatt.de\/blog\/wp-content\/uploads\/2016\/10\/\u00fcberf\u00fclltes-world-center.jpg\" alt=\"Hast Du damals auch f\u00fcr ein \u00fcberf\u00fclltes World Center gesorgt?\" width=\"850\" height=\"539\" \/><br \/>\n(Foto: Schmaly)<\/p>\n","protected":false},"excerpt":{"rendered":"<p>Hast Du damals auch f\u00fcr ein \u00fcberf\u00fclltes World Center gesorgt? Viele Besucher mussten damals sogar auf die B\u00fchne ausweichen, um &hellip; <a href=\"https:\/\/www.kle-blatt.de\/blog\/kleve-in-foto-video\/aus-dem-privatalbum\/ueberfuelltes-world-center.html\" class=\"more-link\"><span class=\"more-button\">Weiterlesen<span class=\"screen-reader-text\">Hast Du damals auch f\u00fcr ein \u00fcberf\u00fclltes World Center gesorgt?<\/span><\/span><\/a><\/p>\n","protected":false},"author":2,"featured_media":20060,"comment_status":"closed","ping_status":"closed","sticky":false,"template":"","format":"standard","meta":{"footnotes":""},"categories":[20,5279],"tags":[4221],"class_list":["post-20059","post","type-post","status-publish","format-standard","has-post-thumbnail","hentry","category-aus-dem-privatalbum","category-klever-musik-und-diskoszene","tag-ueberfuelltes-world-center"],"_links":{"self":[{"href":"https:\/\/www.kle-blatt.de\/blog\/wp-json\/wp\/v2\/posts\/20059","targetHints":{"allow":["GET"]}}],"collection":[{"href":"https:\/\/www.kle-blatt.de\/blog\/wp-json\/wp\/v2\/posts"}],"about":[{"href":"https:\/\/www.kle-blatt.de\/blog\/wp-json\/wp\/v2\/types\/post"}],"author":[{"embeddable":true,"href":"https:\/\/www.kle-blatt.de\/blog\/wp-json\/wp\/v2\/users\/2"}],"replies":[{"embeddable":true,"href":"https:\/\/www.kle-blatt.de\/blog\/wp-json\/wp\/v2\/comments?post=20059"}],"version-history":[{"count":2,"href":"https:\/\/www.kle-blatt.de\/blog\/wp-json\/wp\/v2\/posts\/20059\/revisions"}],"predecessor-version":[{"id":29468,"href":"https:\/\/www.kle-blatt.de\/blog\/wp-json\/wp\/v2\/posts\/20059\/revisions\/29468"}],"wp:featuredmedia":[{"embeddable":true,"href":"https:\/\/www.kle-blatt.de\/blog\/wp-json\/wp\/v2\/media\/20060"}],"wp:attachment":[{"href":"https:\/\/www.kle-blatt.de\/blog\/wp-json\/wp\/v2\/media?parent=20059"}],"wp:term":[{"taxonomy":"category","embeddable":true,"href":"https:\/\/www.kle-blatt.de\/blog\/wp-json\/wp\/v2\/categories?post=20059"},{"taxonomy":"post_tag","embeddable":true,"href":"https:\/\/www.kle-blatt.de\/blog\/wp-json\/wp\/v2\/tags?post=20059"}],"curies":[{"name":"wp","href":"https:\/\/api.w.org\/{rel}","templated":true}]}}