{"id":20112,"date":"2022-11-17T06:10:52","date_gmt":"2022-11-17T04:10:52","guid":{"rendered":"http:\/\/www.kle-blatt.de\/blog\/?p=20112"},"modified":"2022-10-20T10:43:29","modified_gmt":"2022-10-20T08:43:29","slug":"kellen-von-oben","status":"publish","type":"post","link":"https:\/\/www.kle-blatt.de\/blog\/kleve-in-foto-video\/kellen-von-oben.html","title":{"rendered":"F\u00fcr alle Interessierten hier einmal Kellen von oben"},"content":{"rendered":"<p><strong>F\u00fcr alle Interessierten hier einmal Kellen von oben<\/strong><\/p>\n<p>Hier sehen wir den Klever Ortsteil einmal aus der Vogelperspektive, die eine sch\u00f6ne \u00dcbersicht von Kellen liefert. Ausgehend vom un\u00fcbersehbaren Glockenturm kann man sich orientieren.<\/p>\n<p><img loading=\"lazy\" decoding=\"async\" class=\"size-full wp-image-20113 aligncenter\" src=\"https:\/\/www.kle-blatt.de\/blog\/wp-content\/uploads\/2016\/10\/kellen-von-oben-klein.jpg\" alt=\"F\u00fcr alle Interessierten hier einmal Kellen von oben\" width=\"850\" height=\"496\" \/><br \/>\n(Foto gezeigt von Bernd Janssen)<\/p>\n","protected":false},"excerpt":{"rendered":"<p>F\u00fcr alle Interessierten hier einmal Kellen von oben Hier sehen wir den Klever Ortsteil einmal aus der Vogelperspektive, die eine &hellip; <a href=\"https:\/\/www.kle-blatt.de\/blog\/kleve-in-foto-video\/kellen-von-oben.html\" class=\"more-link\"><span class=\"more-button\">Weiterlesen<span class=\"screen-reader-text\">F\u00fcr alle Interessierten hier einmal Kellen von oben<\/span><\/span><\/a><\/p>\n","protected":false},"author":2,"featured_media":20113,"comment_status":"open","ping_status":"closed","sticky":false,"template":"","format":"standard","meta":{"footnotes":""},"categories":[3],"tags":[4237],"class_list":["post-20112","post","type-post","status-publish","format-standard","has-post-thumbnail","hentry","category-kleve-in-foto-video","tag-kellen-von-oben"],"_links":{"self":[{"href":"https:\/\/www.kle-blatt.de\/blog\/wp-json\/wp\/v2\/posts\/20112","targetHints":{"allow":["GET"]}}],"collection":[{"href":"https:\/\/www.kle-blatt.de\/blog\/wp-json\/wp\/v2\/posts"}],"about":[{"href":"https:\/\/www.kle-blatt.de\/blog\/wp-json\/wp\/v2\/types\/post"}],"author":[{"embeddable":true,"href":"https:\/\/www.kle-blatt.de\/blog\/wp-json\/wp\/v2\/users\/2"}],"replies":[{"embeddable":true,"href":"https:\/\/www.kle-blatt.de\/blog\/wp-json\/wp\/v2\/comments?post=20112"}],"version-history":[{"count":2,"href":"https:\/\/www.kle-blatt.de\/blog\/wp-json\/wp\/v2\/posts\/20112\/revisions"}],"predecessor-version":[{"id":31157,"href":"https:\/\/www.kle-blatt.de\/blog\/wp-json\/wp\/v2\/posts\/20112\/revisions\/31157"}],"wp:featuredmedia":[{"embeddable":true,"href":"https:\/\/www.kle-blatt.de\/blog\/wp-json\/wp\/v2\/media\/20113"}],"wp:attachment":[{"href":"https:\/\/www.kle-blatt.de\/blog\/wp-json\/wp\/v2\/media?parent=20112"}],"wp:term":[{"taxonomy":"category","embeddable":true,"href":"https:\/\/www.kle-blatt.de\/blog\/wp-json\/wp\/v2\/categories?post=20112"},{"taxonomy":"post_tag","embeddable":true,"href":"https:\/\/www.kle-blatt.de\/blog\/wp-json\/wp\/v2\/tags?post=20112"}],"curies":[{"name":"wp","href":"https:\/\/api.w.org\/{rel}","templated":true}]}}