{"id":2030,"date":"2020-03-04T07:00:39","date_gmt":"2020-03-04T05:00:39","guid":{"rendered":"http:\/\/www.kle-blatt.de\/blog\/?p=2030"},"modified":"2020-01-21T13:26:29","modified_gmt":"2020-01-21T11:26:29","slug":"blauer-himmel-in-kleve","status":"publish","type":"post","link":"https:\/\/www.kle-blatt.de\/blog\/kleve-in-foto-video\/blauer-himmel-in-kleve.html","title":{"rendered":"Ist doch bekannt: Blauer Himmel in Kleve"},"content":{"rendered":"<p><strong>Ist doch bekannt: Blauer Himmel in Kleve<\/strong><\/p>\n<p>Es sieht nicht so aus, aber dieser alte Torbogen am Fu\u00dfe des Burgberges von der Schlo\u00dftorstra\u00dfe aus f\u00fchrt die Klever zum &#8222;Blauen Himmel&#8220;.<br \/>\nFr\u00fcher hie\u00df es n\u00e4mlich auf guter Klever Mundart: &#8222;Kiekt es, die goan an &#8222;den blauen Hemmel&#8220;, was wohl auf die in die H\u00f6he f\u00fchrende typische Gasse gem\u00fcnzt war.<\/p>\n<p><a href=\"http:\/\/www.kle-blatt.de\/blog\/wp-content\/uploads\/2013\/03\/blauer-himmel.jpg\"><img loading=\"lazy\" decoding=\"async\" class=\"alignleft size-full wp-image-2031\" src=\"http:\/\/www.kle-blatt.de\/blog\/wp-content\/uploads\/2013\/03\/blauer-himmel.jpg\" alt=\"Ist doch bekannt: Blauer Himmel in Kleve\" width=\"850\" height=\"935\" \/><\/a><br \/>\n(Foto: Maro-Fotodesign)<\/p>\n","protected":false},"excerpt":{"rendered":"<p>Ist doch bekannt: Blauer Himmel in Kleve Es sieht nicht so aus, aber dieser alte Torbogen am Fu\u00dfe des Burgberges &hellip; <a href=\"https:\/\/www.kle-blatt.de\/blog\/kleve-in-foto-video\/blauer-himmel-in-kleve.html\" class=\"more-link\"><span class=\"more-button\">Weiterlesen<span class=\"screen-reader-text\">Ist doch bekannt: Blauer Himmel in Kleve<\/span><\/span><\/a><\/p>\n","protected":false},"author":2,"featured_media":0,"comment_status":"closed","ping_status":"closed","sticky":false,"template":"","format":"standard","meta":{"footnotes":""},"categories":[3],"tags":[571,5289],"class_list":["post-2030","post","type-post","status-publish","format-standard","hentry","category-kleve-in-foto-video","tag-blauer-himmel-in-kleve","tag-ist-doch-bekannt-blauer-himmel-in-kleve"],"_links":{"self":[{"href":"https:\/\/www.kle-blatt.de\/blog\/wp-json\/wp\/v2\/posts\/2030","targetHints":{"allow":["GET"]}}],"collection":[{"href":"https:\/\/www.kle-blatt.de\/blog\/wp-json\/wp\/v2\/posts"}],"about":[{"href":"https:\/\/www.kle-blatt.de\/blog\/wp-json\/wp\/v2\/types\/post"}],"author":[{"embeddable":true,"href":"https:\/\/www.kle-blatt.de\/blog\/wp-json\/wp\/v2\/users\/2"}],"replies":[{"embeddable":true,"href":"https:\/\/www.kle-blatt.de\/blog\/wp-json\/wp\/v2\/comments?post=2030"}],"version-history":[{"count":0,"href":"https:\/\/www.kle-blatt.de\/blog\/wp-json\/wp\/v2\/posts\/2030\/revisions"}],"wp:attachment":[{"href":"https:\/\/www.kle-blatt.de\/blog\/wp-json\/wp\/v2\/media?parent=2030"}],"wp:term":[{"taxonomy":"category","embeddable":true,"href":"https:\/\/www.kle-blatt.de\/blog\/wp-json\/wp\/v2\/categories?post=2030"},{"taxonomy":"post_tag","embeddable":true,"href":"https:\/\/www.kle-blatt.de\/blog\/wp-json\/wp\/v2\/tags?post=2030"}],"curies":[{"name":"wp","href":"https:\/\/api.w.org\/{rel}","templated":true}]}}