{"id":20415,"date":"2021-12-21T06:30:22","date_gmt":"2021-12-21T04:30:22","guid":{"rendered":"http:\/\/www.kle-blatt.de\/blog\/?p=20415"},"modified":"2021-11-19T11:24:41","modified_gmt":"2021-11-19T09:24:41","slug":"die-gepflasterte-marktstrasse","status":"publish","type":"post","link":"https:\/\/www.kle-blatt.de\/blog\/kleve-in-foto-video\/die-gepflasterte-marktstrasse.html","title":{"rendered":"Noch so gekannt? Die gepflasterte Marktstra\u00dfe"},"content":{"rendered":"<p><strong>Noch so gekannt? Die gepflasterte Marktstra\u00dfe<\/strong><\/p>\n<p>Da hatte sie noch Kopfsteinpflaster, auf dem man zum Gro\u00dfen Markt spazierte &#8211; vor allem zu Kirmes-Zeiten. Rechts am Kaufhof vorbei lief und l\u00e4uft sie steil nach oben. Das Geb\u00e4ude rechts zeigt die Jahreszahl &#8222;1691&#8220;. Erstaunlich.<\/p>\n<p><img loading=\"lazy\" decoding=\"async\" class=\"size-full wp-image-20416 aligncenter\" src=\"https:\/\/www.kle-blatt.de\/blog\/wp-content\/uploads\/2016\/10\/marktstra\u00dfe.jpg\" alt=\"Noch so gekannt? Die gepflasterte Marktstra\u00dfe\" width=\"850\" height=\"1069\" srcset=\"https:\/\/www.kle-blatt.de\/blog\/wp-content\/uploads\/2016\/10\/marktstra\u00dfe.jpg 850w, https:\/\/www.kle-blatt.de\/blog\/wp-content\/uploads\/2016\/10\/marktstra\u00dfe-239x300.jpg 239w, https:\/\/www.kle-blatt.de\/blog\/wp-content\/uploads\/2016\/10\/marktstra\u00dfe-768x966.jpg 768w, https:\/\/www.kle-blatt.de\/blog\/wp-content\/uploads\/2016\/10\/marktstra\u00dfe-814x1024.jpg 814w\" sizes=\"auto, (max-width: 850px) 100vw, 850px\" \/><br \/>\n(Foto(Ausschnitt) gezeigt von Bernd Janssen)<\/p>\n","protected":false},"excerpt":{"rendered":"<p>Noch so gekannt? Die gepflasterte Marktstra\u00dfe Da hatte sie noch Kopfsteinpflaster, auf dem man zum Gro\u00dfen Markt spazierte &#8211; vor &hellip; <a href=\"https:\/\/www.kle-blatt.de\/blog\/kleve-in-foto-video\/die-gepflasterte-marktstrasse.html\" class=\"more-link\"><span class=\"more-button\">Weiterlesen<span class=\"screen-reader-text\">Noch so gekannt? Die gepflasterte Marktstra\u00dfe<\/span><\/span><\/a><\/p>\n","protected":false},"author":2,"featured_media":20416,"comment_status":"open","ping_status":"closed","sticky":false,"template":"","format":"standard","meta":{"footnotes":""},"categories":[3],"tags":[4251],"class_list":["post-20415","post","type-post","status-publish","format-standard","has-post-thumbnail","hentry","category-kleve-in-foto-video","tag-die-gepflasterte-marktstrasse"],"_links":{"self":[{"href":"https:\/\/www.kle-blatt.de\/blog\/wp-json\/wp\/v2\/posts\/20415","targetHints":{"allow":["GET"]}}],"collection":[{"href":"https:\/\/www.kle-blatt.de\/blog\/wp-json\/wp\/v2\/posts"}],"about":[{"href":"https:\/\/www.kle-blatt.de\/blog\/wp-json\/wp\/v2\/types\/post"}],"author":[{"embeddable":true,"href":"https:\/\/www.kle-blatt.de\/blog\/wp-json\/wp\/v2\/users\/2"}],"replies":[{"embeddable":true,"href":"https:\/\/www.kle-blatt.de\/blog\/wp-json\/wp\/v2\/comments?post=20415"}],"version-history":[{"count":2,"href":"https:\/\/www.kle-blatt.de\/blog\/wp-json\/wp\/v2\/posts\/20415\/revisions"}],"predecessor-version":[{"id":29616,"href":"https:\/\/www.kle-blatt.de\/blog\/wp-json\/wp\/v2\/posts\/20415\/revisions\/29616"}],"wp:featuredmedia":[{"embeddable":true,"href":"https:\/\/www.kle-blatt.de\/blog\/wp-json\/wp\/v2\/media\/20416"}],"wp:attachment":[{"href":"https:\/\/www.kle-blatt.de\/blog\/wp-json\/wp\/v2\/media?parent=20415"}],"wp:term":[{"taxonomy":"category","embeddable":true,"href":"https:\/\/www.kle-blatt.de\/blog\/wp-json\/wp\/v2\/categories?post=20415"},{"taxonomy":"post_tag","embeddable":true,"href":"https:\/\/www.kle-blatt.de\/blog\/wp-json\/wp\/v2\/tags?post=20415"}],"curies":[{"name":"wp","href":"https:\/\/api.w.org\/{rel}","templated":true}]}}