{"id":20445,"date":"2023-12-11T06:20:32","date_gmt":"2023-12-11T04:20:32","guid":{"rendered":"http:\/\/www.kle-blatt.de\/blog\/?p=20445"},"modified":"2023-10-24T13:55:04","modified_gmt":"2023-10-24T11:55:04","slug":"klever-winter-schnee","status":"publish","type":"post","link":"https:\/\/www.kle-blatt.de\/blog\/kleve-in-foto-video\/aus-dem-privatalbum\/klever-winter-schnee.html","title":{"rendered":"Klever Winter-Schnee"},"content":{"rendered":"<p><strong>Klever Winter-Schnee<\/strong><\/p>\n<p>So tr\u00e4umt man sich den Winter in Kleve. Ein Spaziergang durch eine schneewei\u00dfe Pracht. Es geschieht tats\u00e4chlich von Zeit zu Zeit, aber gef\u00fchlt immer weniger.<\/p>\n<p><img loading=\"lazy\" decoding=\"async\" class=\"size-full wp-image-20446 aligncenter\" src=\"https:\/\/www.kle-blatt.de\/blog\/wp-content\/uploads\/2016\/10\/winterschnee.jpg\" alt=\"Klever Winter-Schnee\" width=\"850\" height=\"638\" srcset=\"https:\/\/www.kle-blatt.de\/blog\/wp-content\/uploads\/2016\/10\/winterschnee.jpg 850w, https:\/\/www.kle-blatt.de\/blog\/wp-content\/uploads\/2016\/10\/winterschnee-300x225.jpg 300w, https:\/\/www.kle-blatt.de\/blog\/wp-content\/uploads\/2016\/10\/winterschnee-768x576.jpg 768w\" sizes=\"auto, (max-width: 850px) 100vw, 850px\" \/><br \/>\n(Foto: Christian Flock)<\/p>\n","protected":false},"excerpt":{"rendered":"<p>Klever Winter-Schnee So tr\u00e4umt man sich den Winter in Kleve. Ein Spaziergang durch eine schneewei\u00dfe Pracht. Es geschieht tats\u00e4chlich von &hellip; <a href=\"https:\/\/www.kle-blatt.de\/blog\/kleve-in-foto-video\/aus-dem-privatalbum\/klever-winter-schnee.html\" class=\"more-link\"><span class=\"more-button\">Weiterlesen<span class=\"screen-reader-text\">Klever Winter-Schnee<\/span><\/span><\/a><\/p>\n","protected":false},"author":2,"featured_media":20446,"comment_status":"closed","ping_status":"closed","sticky":false,"template":"","format":"standard","meta":{"footnotes":""},"categories":[20],"tags":[4262],"class_list":["post-20445","post","type-post","status-publish","format-standard","has-post-thumbnail","hentry","category-aus-dem-privatalbum","tag-klever-winter-schnee"],"_links":{"self":[{"href":"https:\/\/www.kle-blatt.de\/blog\/wp-json\/wp\/v2\/posts\/20445","targetHints":{"allow":["GET"]}}],"collection":[{"href":"https:\/\/www.kle-blatt.de\/blog\/wp-json\/wp\/v2\/posts"}],"about":[{"href":"https:\/\/www.kle-blatt.de\/blog\/wp-json\/wp\/v2\/types\/post"}],"author":[{"embeddable":true,"href":"https:\/\/www.kle-blatt.de\/blog\/wp-json\/wp\/v2\/users\/2"}],"replies":[{"embeddable":true,"href":"https:\/\/www.kle-blatt.de\/blog\/wp-json\/wp\/v2\/comments?post=20445"}],"version-history":[{"count":2,"href":"https:\/\/www.kle-blatt.de\/blog\/wp-json\/wp\/v2\/posts\/20445\/revisions"}],"predecessor-version":[{"id":32866,"href":"https:\/\/www.kle-blatt.de\/blog\/wp-json\/wp\/v2\/posts\/20445\/revisions\/32866"}],"wp:featuredmedia":[{"embeddable":true,"href":"https:\/\/www.kle-blatt.de\/blog\/wp-json\/wp\/v2\/media\/20446"}],"wp:attachment":[{"href":"https:\/\/www.kle-blatt.de\/blog\/wp-json\/wp\/v2\/media?parent=20445"}],"wp:term":[{"taxonomy":"category","embeddable":true,"href":"https:\/\/www.kle-blatt.de\/blog\/wp-json\/wp\/v2\/categories?post=20445"},{"taxonomy":"post_tag","embeddable":true,"href":"https:\/\/www.kle-blatt.de\/blog\/wp-json\/wp\/v2\/tags?post=20445"}],"curies":[{"name":"wp","href":"https:\/\/api.w.org\/{rel}","templated":true}]}}