{"id":20584,"date":"2022-01-03T06:10:49","date_gmt":"2022-01-03T04:10:49","guid":{"rendered":"http:\/\/www.kle-blatt.de\/blog\/?p=20584"},"modified":"2021-12-16T13:03:17","modified_gmt":"2021-12-16T11:03:17","slug":"der-beginn-eines-klever-traditions-unternehmens","status":"publish","type":"post","link":"https:\/\/www.kle-blatt.de\/blog\/kleve-in-foto-video\/aus-dem-privatalbum\/der-beginn-eines-klever-traditions-unternehmens.html","title":{"rendered":"Interessant: Der Beginn eines Klever Traditions-Unternehmens"},"content":{"rendered":"<p><strong>Interessant: Der Beginn eines Klever Traditions-Unternehmens<\/strong><\/p>\n<p>Wir sehen hier die damaligen Schreinerlehrlinge Johann Rexing (links) und Heinz Richter vor der Werkstatt der Schreinerei Rexing in Kleve im Jahre 1939. Das Unternehmen war 1892 gegr\u00fcndet worden und befindet sich seit 1904 in dem allen Klevern bekannten Geb\u00e4ude mit dem markanten Rundbogen auf der Kavarinerstra\u00dfe.<br \/>\nHeute wird es von Frau Susanne Rexing in der vierten Generation gef\u00fchrt. Mehr dazu gibt es hier:<\/p>\n<p><a href=\"http:\/\/kle-blatt.de\/einrichtungshaus-rexing\/\"><span style=\"color: #ff0000;\"><strong>KLICK MICH!<\/strong><\/span><\/a><\/p>\n<p><img loading=\"lazy\" decoding=\"async\" class=\"size-full wp-image-20585 aligncenter\" src=\"https:\/\/www.kle-blatt.de\/blog\/wp-content\/uploads\/2016\/12\/rexing-91-1.jpg\" alt=\"Interessant: Der Beginn eines Klever Traditions-Unternehmens\" width=\"850\" height=\"464\" \/><br \/>\n(Foto: mit freundlicher Genehmigung von Clemens Reinders aus seinem Buch &#8222;Bilder und Geschichten vom Niederrhein&#8220;)<\/p>\n","protected":false},"excerpt":{"rendered":"<p>Interessant: Der Beginn eines Klever Traditions-Unternehmens Wir sehen hier die damaligen Schreinerlehrlinge Johann Rexing (links) und Heinz Richter vor der &hellip; <a href=\"https:\/\/www.kle-blatt.de\/blog\/kleve-in-foto-video\/aus-dem-privatalbum\/der-beginn-eines-klever-traditions-unternehmens.html\" class=\"more-link\"><span class=\"more-button\">Weiterlesen<span class=\"screen-reader-text\">Interessant: Der Beginn eines Klever Traditions-Unternehmens<\/span><\/span><\/a><\/p>\n","protected":false},"author":2,"featured_media":20585,"comment_status":"open","ping_status":"closed","sticky":false,"template":"","format":"standard","meta":{"footnotes":""},"categories":[20],"tags":[4286],"class_list":["post-20584","post","type-post","status-publish","format-standard","has-post-thumbnail","hentry","category-aus-dem-privatalbum","tag-der-beginn-eines-klever-traditions-unternehmens"],"_links":{"self":[{"href":"https:\/\/www.kle-blatt.de\/blog\/wp-json\/wp\/v2\/posts\/20584","targetHints":{"allow":["GET"]}}],"collection":[{"href":"https:\/\/www.kle-blatt.de\/blog\/wp-json\/wp\/v2\/posts"}],"about":[{"href":"https:\/\/www.kle-blatt.de\/blog\/wp-json\/wp\/v2\/types\/post"}],"author":[{"embeddable":true,"href":"https:\/\/www.kle-blatt.de\/blog\/wp-json\/wp\/v2\/users\/2"}],"replies":[{"embeddable":true,"href":"https:\/\/www.kle-blatt.de\/blog\/wp-json\/wp\/v2\/comments?post=20584"}],"version-history":[{"count":2,"href":"https:\/\/www.kle-blatt.de\/blog\/wp-json\/wp\/v2\/posts\/20584\/revisions"}],"predecessor-version":[{"id":29758,"href":"https:\/\/www.kle-blatt.de\/blog\/wp-json\/wp\/v2\/posts\/20584\/revisions\/29758"}],"wp:featuredmedia":[{"embeddable":true,"href":"https:\/\/www.kle-blatt.de\/blog\/wp-json\/wp\/v2\/media\/20585"}],"wp:attachment":[{"href":"https:\/\/www.kle-blatt.de\/blog\/wp-json\/wp\/v2\/media?parent=20584"}],"wp:term":[{"taxonomy":"category","embeddable":true,"href":"https:\/\/www.kle-blatt.de\/blog\/wp-json\/wp\/v2\/categories?post=20584"},{"taxonomy":"post_tag","embeddable":true,"href":"https:\/\/www.kle-blatt.de\/blog\/wp-json\/wp\/v2\/tags?post=20584"}],"curies":[{"name":"wp","href":"https:\/\/api.w.org\/{rel}","templated":true}]}}