{"id":20614,"date":"2022-01-25T07:20:09","date_gmt":"2022-01-25T05:20:09","guid":{"rendered":"http:\/\/www.kle-blatt.de\/blog\/?p=20614"},"modified":"2021-12-16T13:54:26","modified_gmt":"2021-12-16T11:54:26","slug":"otto-am-fischmarkt-von-bad-cleve","status":"publish","type":"post","link":"https:\/\/www.kle-blatt.de\/blog\/kleve-in-foto-video\/otto-am-fischmarkt-von-bad-cleve.html","title":{"rendered":"Otto am Fischmarkt von Bad Cleve"},"content":{"rendered":"<p><strong>Otto am Fischmarkt von Bad Cleve<\/strong><\/p>\n<p>Links sehen wir das Denkmal von &#8222;Otto der Sch\u00fctz&#8220;, welches sich vor dem Gesch\u00e4ft des Uhrmachers Gerhard H\u00fcnnekes (heute Knops) befand. Wir schauen von der Kirchstra\u00dfe aus auf die letzten H\u00e4user der Gro\u00dfen Stra\u00dfe und schreiben das Jahr 1912. Rechts am Bildrand das Blumengesch\u00e4ft von Rudolf Otto, in dessen Haus sich in den drei\u00dfiger Jahren das amtliche Nationalsozialistische Kreisblatt &#8222;National-Zeitung&#8220; etablierte.<br \/>\nBis zu seiner vollst\u00e4ndigen Zerst\u00f6rung im Krieg stand mit der Einhorn-Apotheke von Eduard Sax dort links an der Gro\u00dfen Stra\u00dfe Ecke Hasenberg auch gleichzeitig die \u00e4lteste Apotheke der Stadt Kleve. Dahinter folgt, mit einer sich anschlie\u00dfenden Konditorei und einem Cafe&#8216; sowie einer feinen Delikatessenhandlung die &#8222;Altdeutsche Weinstube&#8220; von Heinrich Peters.<\/p>\n<p><img loading=\"lazy\" decoding=\"async\" class=\"size-full wp-image-20615 aligncenter\" src=\"https:\/\/www.kle-blatt.de\/blog\/wp-content\/uploads\/2016\/12\/otto-der-sch\u00fctz-105.jpg\" alt=\"Otto am Fischmarkt von Bad Cleve\" width=\"850\" height=\"528\" \/><br \/>\n(Foto: &#8222;Ich denke oft an Cleve&#8220; &#8211; E.Hannen)<\/p>\n","protected":false},"excerpt":{"rendered":"<p>Otto am Fischmarkt von Bad Cleve Links sehen wir das Denkmal von &#8222;Otto der Sch\u00fctz&#8220;, welches sich vor dem Gesch\u00e4ft &hellip; <a href=\"https:\/\/www.kle-blatt.de\/blog\/kleve-in-foto-video\/otto-am-fischmarkt-von-bad-cleve.html\" class=\"more-link\"><span class=\"more-button\">Weiterlesen<span class=\"screen-reader-text\">Otto am Fischmarkt von Bad Cleve<\/span><\/span><\/a><\/p>\n","protected":false},"author":2,"featured_media":20615,"comment_status":"open","ping_status":"closed","sticky":false,"template":"","format":"standard","meta":{"footnotes":""},"categories":[3],"tags":[4295],"class_list":["post-20614","post","type-post","status-publish","format-standard","has-post-thumbnail","hentry","category-kleve-in-foto-video","tag-otto-am-fischmarkt-von-bad-cleve"],"_links":{"self":[{"href":"https:\/\/www.kle-blatt.de\/blog\/wp-json\/wp\/v2\/posts\/20614","targetHints":{"allow":["GET"]}}],"collection":[{"href":"https:\/\/www.kle-blatt.de\/blog\/wp-json\/wp\/v2\/posts"}],"about":[{"href":"https:\/\/www.kle-blatt.de\/blog\/wp-json\/wp\/v2\/types\/post"}],"author":[{"embeddable":true,"href":"https:\/\/www.kle-blatt.de\/blog\/wp-json\/wp\/v2\/users\/2"}],"replies":[{"embeddable":true,"href":"https:\/\/www.kle-blatt.de\/blog\/wp-json\/wp\/v2\/comments?post=20614"}],"version-history":[{"count":1,"href":"https:\/\/www.kle-blatt.de\/blog\/wp-json\/wp\/v2\/posts\/20614\/revisions"}],"predecessor-version":[{"id":29789,"href":"https:\/\/www.kle-blatt.de\/blog\/wp-json\/wp\/v2\/posts\/20614\/revisions\/29789"}],"wp:featuredmedia":[{"embeddable":true,"href":"https:\/\/www.kle-blatt.de\/blog\/wp-json\/wp\/v2\/media\/20615"}],"wp:attachment":[{"href":"https:\/\/www.kle-blatt.de\/blog\/wp-json\/wp\/v2\/media?parent=20614"}],"wp:term":[{"taxonomy":"category","embeddable":true,"href":"https:\/\/www.kle-blatt.de\/blog\/wp-json\/wp\/v2\/categories?post=20614"},{"taxonomy":"post_tag","embeddable":true,"href":"https:\/\/www.kle-blatt.de\/blog\/wp-json\/wp\/v2\/tags?post=20614"}],"curies":[{"name":"wp","href":"https:\/\/api.w.org\/{rel}","templated":true}]}}