{"id":20626,"date":"2023-01-31T07:20:07","date_gmt":"2023-01-31T05:20:07","guid":{"rendered":"http:\/\/www.kle-blatt.de\/blog\/?p=20626"},"modified":"2022-12-16T14:52:24","modified_gmt":"2022-12-16T12:52:24","slug":"baby-boom-im-klever-forstgarten","status":"publish","type":"post","link":"https:\/\/www.kle-blatt.de\/blog\/kleve-in-foto-video\/baby-boom-im-klever-forstgarten.html","title":{"rendered":"Baby-Boom im Klever Forstgarten"},"content":{"rendered":"<p><strong>Baby-Boom im Klever Forstgarten<\/strong><\/p>\n<p>In Ermangelung anderer interessanter Anlauf-Stationen trafen sich junge M\u00fctter mit ihren Babys in den Kinderwagen Mitte der F\u00fcnfziger Jahre regelm\u00e4\u00dfig im Forstgarten zum Meinungsaustausch.<\/p>\n<p><img loading=\"lazy\" decoding=\"async\" class=\"size-full wp-image-20627 aligncenter\" src=\"https:\/\/www.kle-blatt.de\/blog\/wp-content\/uploads\/2016\/12\/forstgarten107.jpg\" alt=\"Baby-Boom im Klever Forstgarten\" width=\"850\" height=\"574\" srcset=\"https:\/\/www.kle-blatt.de\/blog\/wp-content\/uploads\/2016\/12\/forstgarten107.jpg 850w, https:\/\/www.kle-blatt.de\/blog\/wp-content\/uploads\/2016\/12\/forstgarten107-300x203.jpg 300w, https:\/\/www.kle-blatt.de\/blog\/wp-content\/uploads\/2016\/12\/forstgarten107-768x519.jpg 768w\" sizes=\"auto, (max-width: 850px) 100vw, 850px\" \/><br \/>\n(Foto: &#8222;KLEVE in den 1950er-Jahren&#8220; &#8211; Helga Ullrich-Scheyda)<\/p>\n","protected":false},"excerpt":{"rendered":"<p>Baby-Boom im Klever Forstgarten In Ermangelung anderer interessanter Anlauf-Stationen trafen sich junge M\u00fctter mit ihren Babys in den Kinderwagen Mitte &hellip; <a href=\"https:\/\/www.kle-blatt.de\/blog\/kleve-in-foto-video\/baby-boom-im-klever-forstgarten.html\" class=\"more-link\"><span class=\"more-button\">Weiterlesen<span class=\"screen-reader-text\">Baby-Boom im Klever Forstgarten<\/span><\/span><\/a><\/p>\n","protected":false},"author":2,"featured_media":20627,"comment_status":"open","ping_status":"closed","sticky":false,"template":"","format":"standard","meta":{"footnotes":""},"categories":[3],"tags":[4299],"class_list":["post-20626","post","type-post","status-publish","format-standard","has-post-thumbnail","hentry","category-kleve-in-foto-video","tag-baby-boom-im-klever-forstgarten"],"_links":{"self":[{"href":"https:\/\/www.kle-blatt.de\/blog\/wp-json\/wp\/v2\/posts\/20626","targetHints":{"allow":["GET"]}}],"collection":[{"href":"https:\/\/www.kle-blatt.de\/blog\/wp-json\/wp\/v2\/posts"}],"about":[{"href":"https:\/\/www.kle-blatt.de\/blog\/wp-json\/wp\/v2\/types\/post"}],"author":[{"embeddable":true,"href":"https:\/\/www.kle-blatt.de\/blog\/wp-json\/wp\/v2\/users\/2"}],"replies":[{"embeddable":true,"href":"https:\/\/www.kle-blatt.de\/blog\/wp-json\/wp\/v2\/comments?post=20626"}],"version-history":[{"count":2,"href":"https:\/\/www.kle-blatt.de\/blog\/wp-json\/wp\/v2\/posts\/20626\/revisions"}],"predecessor-version":[{"id":31505,"href":"https:\/\/www.kle-blatt.de\/blog\/wp-json\/wp\/v2\/posts\/20626\/revisions\/31505"}],"wp:featuredmedia":[{"embeddable":true,"href":"https:\/\/www.kle-blatt.de\/blog\/wp-json\/wp\/v2\/media\/20627"}],"wp:attachment":[{"href":"https:\/\/www.kle-blatt.de\/blog\/wp-json\/wp\/v2\/media?parent=20626"}],"wp:term":[{"taxonomy":"category","embeddable":true,"href":"https:\/\/www.kle-blatt.de\/blog\/wp-json\/wp\/v2\/categories?post=20626"},{"taxonomy":"post_tag","embeddable":true,"href":"https:\/\/www.kle-blatt.de\/blog\/wp-json\/wp\/v2\/tags?post=20626"}],"curies":[{"name":"wp","href":"https:\/\/api.w.org\/{rel}","templated":true}]}}