{"id":20650,"date":"2023-01-29T06:10:43","date_gmt":"2023-01-29T04:10:43","guid":{"rendered":"http:\/\/www.kle-blatt.de\/blog\/?p=20650"},"modified":"2022-12-15T11:02:48","modified_gmt":"2022-12-15T09:02:48","slug":"winter-gaense-im-kleverland","status":"publish","type":"post","link":"https:\/\/www.kle-blatt.de\/blog\/kleve-in-foto-video\/aus-dem-privatalbum\/winter-gaense-im-kleverland.html","title":{"rendered":"Winter-G\u00e4nse im Kleverland"},"content":{"rendered":"<p><strong>Winter-G\u00e4nse im Kleverland<\/strong><\/p>\n<p>Eigentlich geh\u00f6ren Wildg\u00e4nse zur Gattung der Zugv\u00f6gel und m\u00fcssten l\u00e4ngst unterwegs sein in den S\u00fcden. Was sehen wir hier? Sie unternehmen lieber eine Schnee-Wanderung. Sind das einige \u00fcbrig gebliebenen Exemplare, die einfach zu faul zum fliegen sind? Haben sie ein Handicap oder sind sie krank? Wer kennt die L\u00f6sung?<\/p>\n<p><img loading=\"lazy\" decoding=\"async\" class=\"size-full wp-image-20651 aligncenter\" src=\"https:\/\/www.kle-blatt.de\/blog\/wp-content\/uploads\/2016\/12\/winterg\u00e4nse.jpg\" alt=\"Winter-G\u00e4nse im Kleverland\" width=\"850\" height=\"568\" srcset=\"https:\/\/www.kle-blatt.de\/blog\/wp-content\/uploads\/2016\/12\/winterg\u00e4nse.jpg 850w, https:\/\/www.kle-blatt.de\/blog\/wp-content\/uploads\/2016\/12\/winterg\u00e4nse-300x200.jpg 300w, https:\/\/www.kle-blatt.de\/blog\/wp-content\/uploads\/2016\/12\/winterg\u00e4nse-768x513.jpg 768w\" sizes=\"auto, (max-width: 850px) 100vw, 850px\" \/><br \/>\n(Foto: Duck (Hans-Wilhelm Heek))<\/p>\n","protected":false},"excerpt":{"rendered":"<p>Winter-G\u00e4nse im Kleverland Eigentlich geh\u00f6ren Wildg\u00e4nse zur Gattung der Zugv\u00f6gel und m\u00fcssten l\u00e4ngst unterwegs sein in den S\u00fcden. Was sehen &hellip; <a href=\"https:\/\/www.kle-blatt.de\/blog\/kleve-in-foto-video\/aus-dem-privatalbum\/winter-gaense-im-kleverland.html\" class=\"more-link\"><span class=\"more-button\">Weiterlesen<span class=\"screen-reader-text\">Winter-G\u00e4nse im Kleverland<\/span><\/span><\/a><\/p>\n","protected":false},"author":2,"featured_media":20651,"comment_status":"open","ping_status":"closed","sticky":false,"template":"","format":"standard","meta":{"footnotes":""},"categories":[20],"tags":[4306],"class_list":["post-20650","post","type-post","status-publish","format-standard","has-post-thumbnail","hentry","category-aus-dem-privatalbum","tag-winter-gaense-im-kleverland"],"_links":{"self":[{"href":"https:\/\/www.kle-blatt.de\/blog\/wp-json\/wp\/v2\/posts\/20650","targetHints":{"allow":["GET"]}}],"collection":[{"href":"https:\/\/www.kle-blatt.de\/blog\/wp-json\/wp\/v2\/posts"}],"about":[{"href":"https:\/\/www.kle-blatt.de\/blog\/wp-json\/wp\/v2\/types\/post"}],"author":[{"embeddable":true,"href":"https:\/\/www.kle-blatt.de\/blog\/wp-json\/wp\/v2\/users\/2"}],"replies":[{"embeddable":true,"href":"https:\/\/www.kle-blatt.de\/blog\/wp-json\/wp\/v2\/comments?post=20650"}],"version-history":[{"count":2,"href":"https:\/\/www.kle-blatt.de\/blog\/wp-json\/wp\/v2\/posts\/20650\/revisions"}],"predecessor-version":[{"id":31479,"href":"https:\/\/www.kle-blatt.de\/blog\/wp-json\/wp\/v2\/posts\/20650\/revisions\/31479"}],"wp:featuredmedia":[{"embeddable":true,"href":"https:\/\/www.kle-blatt.de\/blog\/wp-json\/wp\/v2\/media\/20651"}],"wp:attachment":[{"href":"https:\/\/www.kle-blatt.de\/blog\/wp-json\/wp\/v2\/media?parent=20650"}],"wp:term":[{"taxonomy":"category","embeddable":true,"href":"https:\/\/www.kle-blatt.de\/blog\/wp-json\/wp\/v2\/categories?post=20650"},{"taxonomy":"post_tag","embeddable":true,"href":"https:\/\/www.kle-blatt.de\/blog\/wp-json\/wp\/v2\/tags?post=20650"}],"curies":[{"name":"wp","href":"https:\/\/api.w.org\/{rel}","templated":true}]}}