{"id":20672,"date":"2023-01-29T07:10:14","date_gmt":"2023-01-29T05:10:14","guid":{"rendered":"http:\/\/www.kle-blatt.de\/blog\/?p=20672"},"modified":"2022-12-16T14:50:53","modified_gmt":"2022-12-16T12:50:53","slug":"kleve-am-see","status":"publish","type":"post","link":"https:\/\/www.kle-blatt.de\/blog\/kleve-in-foto-video\/aus-dem-privatalbum\/kleve-am-see.html","title":{"rendered":"Wie w\u00e4re es denn mit Kleve am See?"},"content":{"rendered":"<p><strong>Wie w\u00e4re es denn mit Kleve am See?<\/strong><\/p>\n<p>Eine bezaubernde Vorstellung, die aber nur ann\u00e4hernd realisierbar w\u00e4re, wenn der Kermisdahl massiv \u00fcber die Ufer steigen w\u00fcrde. Eine interessante Klever Skyline im Spiegel des Wassers mit dem Klever Wappentier.<\/p>\n<p><img loading=\"lazy\" decoding=\"async\" class=\"size-full wp-image-20673 aligncenter\" src=\"https:\/\/www.kle-blatt.de\/blog\/wp-content\/uploads\/2016\/12\/kleve-am-see.jpg\" alt=\"Wie w\u00e4re es denn mit Kleve am See?\" width=\"850\" height=\"567\" srcset=\"https:\/\/www.kle-blatt.de\/blog\/wp-content\/uploads\/2016\/12\/kleve-am-see.jpg 850w, https:\/\/www.kle-blatt.de\/blog\/wp-content\/uploads\/2016\/12\/kleve-am-see-300x200.jpg 300w, https:\/\/www.kle-blatt.de\/blog\/wp-content\/uploads\/2016\/12\/kleve-am-see-768x512.jpg 768w\" sizes=\"auto, (max-width: 850px) 100vw, 850px\" \/><br \/>\n(Foto u. Bearbeitung: Klaus Viethen)<\/p>\n","protected":false},"excerpt":{"rendered":"<p>Wie w\u00e4re es denn mit Kleve am See? Eine bezaubernde Vorstellung, die aber nur ann\u00e4hernd realisierbar w\u00e4re, wenn der Kermisdahl &hellip; <a href=\"https:\/\/www.kle-blatt.de\/blog\/kleve-in-foto-video\/aus-dem-privatalbum\/kleve-am-see.html\" class=\"more-link\"><span class=\"more-button\">Weiterlesen<span class=\"screen-reader-text\">Wie w\u00e4re es denn mit Kleve am See?<\/span><\/span><\/a><\/p>\n","protected":false},"author":2,"featured_media":20673,"comment_status":"open","ping_status":"closed","sticky":false,"template":"","format":"standard","meta":{"footnotes":""},"categories":[20],"tags":[4313],"class_list":["post-20672","post","type-post","status-publish","format-standard","has-post-thumbnail","hentry","category-aus-dem-privatalbum","tag-kleve-am-see"],"_links":{"self":[{"href":"https:\/\/www.kle-blatt.de\/blog\/wp-json\/wp\/v2\/posts\/20672","targetHints":{"allow":["GET"]}}],"collection":[{"href":"https:\/\/www.kle-blatt.de\/blog\/wp-json\/wp\/v2\/posts"}],"about":[{"href":"https:\/\/www.kle-blatt.de\/blog\/wp-json\/wp\/v2\/types\/post"}],"author":[{"embeddable":true,"href":"https:\/\/www.kle-blatt.de\/blog\/wp-json\/wp\/v2\/users\/2"}],"replies":[{"embeddable":true,"href":"https:\/\/www.kle-blatt.de\/blog\/wp-json\/wp\/v2\/comments?post=20672"}],"version-history":[{"count":2,"href":"https:\/\/www.kle-blatt.de\/blog\/wp-json\/wp\/v2\/posts\/20672\/revisions"}],"predecessor-version":[{"id":31503,"href":"https:\/\/www.kle-blatt.de\/blog\/wp-json\/wp\/v2\/posts\/20672\/revisions\/31503"}],"wp:featuredmedia":[{"embeddable":true,"href":"https:\/\/www.kle-blatt.de\/blog\/wp-json\/wp\/v2\/media\/20673"}],"wp:attachment":[{"href":"https:\/\/www.kle-blatt.de\/blog\/wp-json\/wp\/v2\/media?parent=20672"}],"wp:term":[{"taxonomy":"category","embeddable":true,"href":"https:\/\/www.kle-blatt.de\/blog\/wp-json\/wp\/v2\/categories?post=20672"},{"taxonomy":"post_tag","embeddable":true,"href":"https:\/\/www.kle-blatt.de\/blog\/wp-json\/wp\/v2\/tags?post=20672"}],"curies":[{"name":"wp","href":"https:\/\/api.w.org\/{rel}","templated":true}]}}