{"id":20685,"date":"2024-01-02T06:30:56","date_gmt":"2024-01-02T04:30:56","guid":{"rendered":"http:\/\/www.kle-blatt.de\/blog\/?p=20685"},"modified":"2023-12-13T11:31:12","modified_gmt":"2023-12-13T09:31:12","slug":"die-weisse-goettin-von-kleve","status":"publish","type":"post","link":"https:\/\/www.kle-blatt.de\/blog\/kleve-in-foto-video\/aus-dem-privatalbum\/die-weisse-goettin-von-kleve.html","title":{"rendered":"Die wei\u00dfe G\u00f6ttin von Kleve"},"content":{"rendered":"<p><strong>Die wei\u00dfe G\u00f6ttin von Kleve<\/strong><\/p>\n<p>Fr\u00fcher wurde \u00fcber die Statue der Minerva Wintertags\u00a0eine Art Holzkiste gest\u00fclpt, um sie wohl vor Frost- bzw. Wintersch\u00e4den zu sch\u00fctzen. Auf diesem Bild sieht man sie nun g\u00e4nzlich ungesch\u00fctzt den Unbillen des Wetters ausgesetzt mit einem \u00dcberzug aus wei\u00dfem Schnee.<\/p>\n<p><img loading=\"lazy\" decoding=\"async\" class=\"size-full wp-image-20686 aligncenter\" src=\"https:\/\/www.kle-blatt.de\/blog\/wp-content\/uploads\/2016\/12\/schneeminerva.jpg\" alt=\"Die wei\u00dfe G\u00f6ttin von Kleve\" width=\"850\" height=\"850\" srcset=\"https:\/\/www.kle-blatt.de\/blog\/wp-content\/uploads\/2016\/12\/schneeminerva-150x150.jpg 150w, https:\/\/www.kle-blatt.de\/blog\/wp-content\/uploads\/2016\/12\/schneeminerva-300x300.jpg 300w, https:\/\/www.kle-blatt.de\/blog\/wp-content\/uploads\/2016\/12\/schneeminerva-90x90.jpg 90w, https:\/\/www.kle-blatt.de\/blog\/wp-content\/uploads\/2016\/12\/schneeminerva-75x75.jpg 75w\" sizes=\"auto, (max-width: 850px) 100vw, 850px\" \/><br \/>\n(Foto: Udo Kleinendonk)<\/p>\n","protected":false},"excerpt":{"rendered":"<p>Die wei\u00dfe G\u00f6ttin von Kleve Fr\u00fcher wurde \u00fcber die Statue der Minerva Wintertags\u00a0eine Art Holzkiste gest\u00fclpt, um sie wohl vor &hellip; <a href=\"https:\/\/www.kle-blatt.de\/blog\/kleve-in-foto-video\/aus-dem-privatalbum\/die-weisse-goettin-von-kleve.html\" class=\"more-link\"><span class=\"more-button\">Weiterlesen<span class=\"screen-reader-text\">Die wei\u00dfe G\u00f6ttin von Kleve<\/span><\/span><\/a><\/p>\n","protected":false},"author":2,"featured_media":20686,"comment_status":"closed","ping_status":"closed","sticky":false,"template":"","format":"standard","meta":{"footnotes":""},"categories":[20],"tags":[4317],"class_list":["post-20685","post","type-post","status-publish","format-standard","has-post-thumbnail","hentry","category-aus-dem-privatalbum","tag-die-weisse-goettin-von-kleve"],"_links":{"self":[{"href":"https:\/\/www.kle-blatt.de\/blog\/wp-json\/wp\/v2\/posts\/20685","targetHints":{"allow":["GET"]}}],"collection":[{"href":"https:\/\/www.kle-blatt.de\/blog\/wp-json\/wp\/v2\/posts"}],"about":[{"href":"https:\/\/www.kle-blatt.de\/blog\/wp-json\/wp\/v2\/types\/post"}],"author":[{"embeddable":true,"href":"https:\/\/www.kle-blatt.de\/blog\/wp-json\/wp\/v2\/users\/2"}],"replies":[{"embeddable":true,"href":"https:\/\/www.kle-blatt.de\/blog\/wp-json\/wp\/v2\/comments?post=20685"}],"version-history":[{"count":2,"href":"https:\/\/www.kle-blatt.de\/blog\/wp-json\/wp\/v2\/posts\/20685\/revisions"}],"predecessor-version":[{"id":33039,"href":"https:\/\/www.kle-blatt.de\/blog\/wp-json\/wp\/v2\/posts\/20685\/revisions\/33039"}],"wp:featuredmedia":[{"embeddable":true,"href":"https:\/\/www.kle-blatt.de\/blog\/wp-json\/wp\/v2\/media\/20686"}],"wp:attachment":[{"href":"https:\/\/www.kle-blatt.de\/blog\/wp-json\/wp\/v2\/media?parent=20685"}],"wp:term":[{"taxonomy":"category","embeddable":true,"href":"https:\/\/www.kle-blatt.de\/blog\/wp-json\/wp\/v2\/categories?post=20685"},{"taxonomy":"post_tag","embeddable":true,"href":"https:\/\/www.kle-blatt.de\/blog\/wp-json\/wp\/v2\/tags?post=20685"}],"curies":[{"name":"wp","href":"https:\/\/api.w.org\/{rel}","templated":true}]}}