{"id":20874,"date":"2022-02-07T06:30:19","date_gmt":"2022-02-07T04:30:19","guid":{"rendered":"http:\/\/www.kle-blatt.de\/blog\/?p=20874"},"modified":"2022-01-14T13:06:49","modified_gmt":"2022-01-14T11:06:49","slug":"die-griethausener-molkerei","status":"publish","type":"post","link":"https:\/\/www.kle-blatt.de\/blog\/kleve-in-foto-video\/die-griethausener-molkerei.html","title":{"rendered":"War Dir die fr\u00fchere Griethausener Molkerei bekannt?"},"content":{"rendered":"<p><strong>War Dir die fr\u00fchere Griethausener Molkerei bekannt?<\/strong><\/p>\n<p>So sah es im Jahre 1931 bei der K\u00e4se-Herstellung in der Molkerei in Griethausen aus. Arbeitspl\u00e4tze, wie man sie sich heutzutage \u00fcberhaupt nicht mehr vorstellen kann.<\/p>\n<p><img loading=\"lazy\" decoding=\"async\" class=\"size-full wp-image-20875 aligncenter\" src=\"https:\/\/www.kle-blatt.de\/blog\/wp-content\/uploads\/2017\/02\/molkerei-griethausen-1931-2.jpg\" alt=\"War Dir die fr\u00fchere Griethausener Molkerei bekannt?\" width=\"850\" height=\"518\" srcset=\"https:\/\/www.kle-blatt.de\/blog\/wp-content\/uploads\/2017\/02\/molkerei-griethausen-1931-2.jpg 850w, https:\/\/www.kle-blatt.de\/blog\/wp-content\/uploads\/2017\/02\/molkerei-griethausen-1931-2-300x183.jpg 300w, https:\/\/www.kle-blatt.de\/blog\/wp-content\/uploads\/2017\/02\/molkerei-griethausen-1931-2-768x468.jpg 768w\" sizes=\"auto, (max-width: 850px) 100vw, 850px\" \/><\/p>\n","protected":false},"excerpt":{"rendered":"<p>War Dir die fr\u00fchere Griethausener Molkerei bekannt? So sah es im Jahre 1931 bei der K\u00e4se-Herstellung in der Molkerei in &hellip; <a href=\"https:\/\/www.kle-blatt.de\/blog\/kleve-in-foto-video\/die-griethausener-molkerei.html\" class=\"more-link\"><span class=\"more-button\">Weiterlesen<span class=\"screen-reader-text\">War Dir die fr\u00fchere Griethausener Molkerei bekannt?<\/span><\/span><\/a><\/p>\n","protected":false},"author":2,"featured_media":20875,"comment_status":"open","ping_status":"closed","sticky":false,"template":"","format":"standard","meta":{"footnotes":""},"categories":[20,3],"tags":[4359],"class_list":["post-20874","post","type-post","status-publish","format-standard","has-post-thumbnail","hentry","category-aus-dem-privatalbum","category-kleve-in-foto-video","tag-die-griethausener-molkerei"],"_links":{"self":[{"href":"https:\/\/www.kle-blatt.de\/blog\/wp-json\/wp\/v2\/posts\/20874","targetHints":{"allow":["GET"]}}],"collection":[{"href":"https:\/\/www.kle-blatt.de\/blog\/wp-json\/wp\/v2\/posts"}],"about":[{"href":"https:\/\/www.kle-blatt.de\/blog\/wp-json\/wp\/v2\/types\/post"}],"author":[{"embeddable":true,"href":"https:\/\/www.kle-blatt.de\/blog\/wp-json\/wp\/v2\/users\/2"}],"replies":[{"embeddable":true,"href":"https:\/\/www.kle-blatt.de\/blog\/wp-json\/wp\/v2\/comments?post=20874"}],"version-history":[{"count":2,"href":"https:\/\/www.kle-blatt.de\/blog\/wp-json\/wp\/v2\/posts\/20874\/revisions"}],"predecessor-version":[{"id":29937,"href":"https:\/\/www.kle-blatt.de\/blog\/wp-json\/wp\/v2\/posts\/20874\/revisions\/29937"}],"wp:featuredmedia":[{"embeddable":true,"href":"https:\/\/www.kle-blatt.de\/blog\/wp-json\/wp\/v2\/media\/20875"}],"wp:attachment":[{"href":"https:\/\/www.kle-blatt.de\/blog\/wp-json\/wp\/v2\/media?parent=20874"}],"wp:term":[{"taxonomy":"category","embeddable":true,"href":"https:\/\/www.kle-blatt.de\/blog\/wp-json\/wp\/v2\/categories?post=20874"},{"taxonomy":"post_tag","embeddable":true,"href":"https:\/\/www.kle-blatt.de\/blog\/wp-json\/wp\/v2\/tags?post=20874"}],"curies":[{"name":"wp","href":"https:\/\/api.w.org\/{rel}","templated":true}]}}