{"id":21202,"date":"2022-04-20T06:00:53","date_gmt":"2022-04-20T04:00:53","guid":{"rendered":"http:\/\/www.kle-blatt.de\/blog\/?p=21202"},"modified":"2022-03-10T13:50:28","modified_gmt":"2022-03-10T11:50:28","slug":"verstopfte-strassen-und-stau-in-kleve","status":"publish","type":"post","link":"https:\/\/www.kle-blatt.de\/blog\/kleve-in-foto-video\/aus-dem-privatalbum\/verstopfte-strassen-und-stau-in-kleve.html","title":{"rendered":"Wie immer: Verstopfte Strassen und Stau in Kleve"},"content":{"rendered":"<p><strong>Wie immer: Verstopfte Strassen und Stau in Kleve<\/strong><\/p>\n<p>Was sich wie eine aktuelle Nachricht von heute anh\u00f6rt, w\u00e4re auch eine bereits in den Siebzigern gewesen. Wir sehen hier den Stra\u00dfenverkehr auf der damaligen Herzogbr\u00fccke, der sich nicht anders gestaltete als der, den wir heute eigentlich \u00fcberall im Stadtgebiet sehen. Es hat sich scheinbar nichts ver\u00e4ndert. Oder doch? Und ob!<\/p>\n<p><img loading=\"lazy\" decoding=\"async\" class=\"size-full wp-image-21203 aligncenter\" src=\"https:\/\/www.kle-blatt.de\/blog\/wp-content\/uploads\/2017\/03\/herzogbr\u00fccke-fritz-wippich.jpg\" alt=\"Verstopfte Strassen und Stau in Kleve\" width=\"850\" height=\"628\" srcset=\"https:\/\/www.kle-blatt.de\/blog\/wp-content\/uploads\/2017\/03\/herzogbr\u00fccke-fritz-wippich.jpg 850w, https:\/\/www.kle-blatt.de\/blog\/wp-content\/uploads\/2017\/03\/herzogbr\u00fccke-fritz-wippich-300x222.jpg 300w, https:\/\/www.kle-blatt.de\/blog\/wp-content\/uploads\/2017\/03\/herzogbr\u00fccke-fritz-wippich-768x567.jpg 768w\" sizes=\"auto, (max-width: 850px) 100vw, 850px\" \/><br \/>\n(Foto: Fritz Wippich)<\/p>\n","protected":false},"excerpt":{"rendered":"<p>Wie immer: Verstopfte Strassen und Stau in Kleve Was sich wie eine aktuelle Nachricht von heute anh\u00f6rt, w\u00e4re auch eine &hellip; <a href=\"https:\/\/www.kle-blatt.de\/blog\/kleve-in-foto-video\/aus-dem-privatalbum\/verstopfte-strassen-und-stau-in-kleve.html\" class=\"more-link\"><span class=\"more-button\">Weiterlesen<span class=\"screen-reader-text\">Wie immer: Verstopfte Strassen und Stau in Kleve<\/span><\/span><\/a><\/p>\n","protected":false},"author":2,"featured_media":21203,"comment_status":"open","ping_status":"closed","sticky":false,"template":"","format":"standard","meta":{"footnotes":""},"categories":[20],"tags":[4402],"class_list":["post-21202","post","type-post","status-publish","format-standard","has-post-thumbnail","hentry","category-aus-dem-privatalbum","tag-verstopfte-strassen-und-stau-in-kleve"],"_links":{"self":[{"href":"https:\/\/www.kle-blatt.de\/blog\/wp-json\/wp\/v2\/posts\/21202","targetHints":{"allow":["GET"]}}],"collection":[{"href":"https:\/\/www.kle-blatt.de\/blog\/wp-json\/wp\/v2\/posts"}],"about":[{"href":"https:\/\/www.kle-blatt.de\/blog\/wp-json\/wp\/v2\/types\/post"}],"author":[{"embeddable":true,"href":"https:\/\/www.kle-blatt.de\/blog\/wp-json\/wp\/v2\/users\/2"}],"replies":[{"embeddable":true,"href":"https:\/\/www.kle-blatt.de\/blog\/wp-json\/wp\/v2\/comments?post=21202"}],"version-history":[{"count":1,"href":"https:\/\/www.kle-blatt.de\/blog\/wp-json\/wp\/v2\/posts\/21202\/revisions"}],"predecessor-version":[{"id":30221,"href":"https:\/\/www.kle-blatt.de\/blog\/wp-json\/wp\/v2\/posts\/21202\/revisions\/30221"}],"wp:featuredmedia":[{"embeddable":true,"href":"https:\/\/www.kle-blatt.de\/blog\/wp-json\/wp\/v2\/media\/21203"}],"wp:attachment":[{"href":"https:\/\/www.kle-blatt.de\/blog\/wp-json\/wp\/v2\/media?parent=21202"}],"wp:term":[{"taxonomy":"category","embeddable":true,"href":"https:\/\/www.kle-blatt.de\/blog\/wp-json\/wp\/v2\/categories?post=21202"},{"taxonomy":"post_tag","embeddable":true,"href":"https:\/\/www.kle-blatt.de\/blog\/wp-json\/wp\/v2\/tags?post=21202"}],"curies":[{"name":"wp","href":"https:\/\/api.w.org\/{rel}","templated":true}]}}