{"id":21306,"date":"2025-07-24T07:10:10","date_gmt":"2025-07-24T05:10:10","guid":{"rendered":"http:\/\/www.kle-blatt.de\/blog\/?p=21306"},"modified":"2025-05-13T11:53:39","modified_gmt":"2025-05-13T09:53:39","slug":"die-feuerwehr-armada-von-kleve","status":"publish","type":"post","link":"https:\/\/www.kle-blatt.de\/blog\/kleve-in-foto-video\/aus-dem-privatalbum\/die-feuerwehr-armada-von-kleve.html","title":{"rendered":"Die Feuerwehr-Armada von Kleve"},"content":{"rendered":"<p><strong>Die Feuerwehr-Armada von Kleve<\/strong><\/p>\n<p>Die knallroten Feuerwehr-Autos und Rettungswagen parken vor ihrem Depot und warten auf den n\u00e4chsten Einsatz. Ein ganz sch\u00f6ner Fuhrpark, \u00fcber den die Klever Feuerwehr damals schon verf\u00fcgte,\u00a0als dieses Foto geschossen wurde.<\/p>\n<p><img loading=\"lazy\" decoding=\"async\" class=\"size-full wp-image-21307 aligncenter\" src=\"https:\/\/www.kle-blatt.de\/blog\/wp-content\/uploads\/2017\/04\/feuerwehr.jpg\" alt=\"Die Feuerwehr-Armada von Kleve\" width=\"850\" height=\"433\" \/><br \/>\n(Foto gezeigt von Berry Sixtyfive)<\/p>\n","protected":false},"excerpt":{"rendered":"<p>Die Feuerwehr-Armada von Kleve Die knallroten Feuerwehr-Autos und Rettungswagen parken vor ihrem Depot und warten auf den n\u00e4chsten Einsatz. Ein &hellip; <a href=\"https:\/\/www.kle-blatt.de\/blog\/kleve-in-foto-video\/aus-dem-privatalbum\/die-feuerwehr-armada-von-kleve.html\" class=\"more-link\"><span class=\"more-button\">Weiterlesen<span class=\"screen-reader-text\">Die Feuerwehr-Armada von Kleve<\/span><\/span><\/a><\/p>\n","protected":false},"author":2,"featured_media":21307,"comment_status":"closed","ping_status":"closed","sticky":false,"template":"","format":"standard","meta":{"footnotes":""},"categories":[20],"tags":[4408],"class_list":["post-21306","post","type-post","status-publish","format-standard","has-post-thumbnail","hentry","category-aus-dem-privatalbum","tag-die-feuerwehr-armada-von-kleve"],"_links":{"self":[{"href":"https:\/\/www.kle-blatt.de\/blog\/wp-json\/wp\/v2\/posts\/21306","targetHints":{"allow":["GET"]}}],"collection":[{"href":"https:\/\/www.kle-blatt.de\/blog\/wp-json\/wp\/v2\/posts"}],"about":[{"href":"https:\/\/www.kle-blatt.de\/blog\/wp-json\/wp\/v2\/types\/post"}],"author":[{"embeddable":true,"href":"https:\/\/www.kle-blatt.de\/blog\/wp-json\/wp\/v2\/users\/2"}],"replies":[{"embeddable":true,"href":"https:\/\/www.kle-blatt.de\/blog\/wp-json\/wp\/v2\/comments?post=21306"}],"version-history":[{"count":1,"href":"https:\/\/www.kle-blatt.de\/blog\/wp-json\/wp\/v2\/posts\/21306\/revisions"}],"predecessor-version":[{"id":27389,"href":"https:\/\/www.kle-blatt.de\/blog\/wp-json\/wp\/v2\/posts\/21306\/revisions\/27389"}],"wp:featuredmedia":[{"embeddable":true,"href":"https:\/\/www.kle-blatt.de\/blog\/wp-json\/wp\/v2\/media\/21307"}],"wp:attachment":[{"href":"https:\/\/www.kle-blatt.de\/blog\/wp-json\/wp\/v2\/media?parent=21306"}],"wp:term":[{"taxonomy":"category","embeddable":true,"href":"https:\/\/www.kle-blatt.de\/blog\/wp-json\/wp\/v2\/categories?post=21306"},{"taxonomy":"post_tag","embeddable":true,"href":"https:\/\/www.kle-blatt.de\/blog\/wp-json\/wp\/v2\/tags?post=21306"}],"curies":[{"name":"wp","href":"https:\/\/api.w.org\/{rel}","templated":true}]}}