{"id":2137,"date":"2021-03-31T06:10:01","date_gmt":"2021-03-31T04:10:01","guid":{"rendered":"http:\/\/www.kle-blatt.de\/blog\/?p=2137"},"modified":"2023-02-08T14:40:52","modified_gmt":"2023-02-08T12:40:52","slug":"ostern-im-tiergarten-kleve","status":"publish","type":"post","link":"https:\/\/www.kle-blatt.de\/blog\/buecher-ueber-kleve\/der-klever-philosoph\/ostern-im-tiergarten-kleve.html","title":{"rendered":"Mach mal die Runde um den Tiergarten in Kleve"},"content":{"rendered":"<p><strong>Mach mal die Runde um den Tiergarten in Kleve<\/strong><\/p>\n<p>Bei den ersten Fr\u00fchlings-Sonnenstrahlen musste ich mit meiner besseren H\u00e4lfte unbedingt mal wieder in den Forstgarten in Kleve, um dort die Runde zu drehen und dem Knistern zu lauschen, das bl\u00fchende Pflanzen und Str\u00e4ucher von sich geben, wenn es wieder ans Wachsen geht.<\/p>\n<p><a href=\"http:\/\/www.kle-blatt.de\/blog\/wp-content\/uploads\/2013\/03\/butterfly_flying_with_growing_vine_500_clr_238.gif\"><img loading=\"lazy\" decoding=\"async\" class=\"alignleft size-full wp-image-8840\" src=\"http:\/\/www.kle-blatt.de\/blog\/wp-content\/uploads\/2013\/03\/butterfly_flying_with_growing_vine_500_clr_238.gif\" alt=\"butterfly_flying_with_growing_vine_500_clr_238\" width=\"333\" height=\"500\" \/><\/a><\/p>\n<p>Auch der unmittelbar in der N\u00e4he gelegene Tiergarten meldet sich mit den un\u00fcberh\u00f6rbaren Rufen der Pfauen, dem Bl\u00f6ken der Schafe, dem Meckern der Ziegen, dem R\u00f6hren der Hirsche, dem emsigen Treiben der anderen Tiere und dem Furzen der Schweine.<br \/>\n<b>Nemmt es \u00e4nnen diepen S\u00f6cht van die fresse Loft \u00e4n passt op, dat de Wend rechteg waait, want s\u00f6nst w\u00f6rd et ow noar van den Ger\u00f6\u00f6k noar Modder, Diereschweet, Mest \u00e4n Schitt.<\/b><br \/>\n\u00dcbersetzung:\u00a0 <i>(Hol ma tief Luft von die frische Luft und passe auf, das der Wind richtig wehen tut, denn sonst wird Dir das ganz anders von der Gestank nach schlammige Erde, Tiergeschwitz, Mist und Kacke.)<\/i><br \/>\nDu siehst jede Menge Getier im Wasser, wie Schildkr\u00f6ten, ziemlich gro\u00dfe Fische, M\u00f6wen, Bisamratten und nat\u00fcrlich auch Enten.<br \/>\nWir konnten beobachten, wie ein sinnig dahin treibendes Entenp\u00e4rchen sich pl\u00f6tzlich des Angriffes eines erregten Erpels erwehren musste. Hier war nat\u00fcrlich vornehmlich der offensichtlich zur Ente geh\u00f6rige Erpel gefragt.<br \/>\nDer aggressive Gegner biss beharrlich in den Hals des armen Verliebten, der sich &#8211; nach unserer Wahrnehmung &#8211; in sein Schicksal ergab. Aber&#8230;hasse gedacht.<br \/>\nDie beiden Tiere lie\u00dfen nach einiger Zeit voneinander ab und der Angreifer zog, bzw. schwamm seines Weges. Ich meinte, bei ihm eine zornig geschwungene Augenbraue erkannt zu haben. (hihi)<br \/>\nStell Dir mal vor, bei den Menschen ginge es genauso zu. Also, bei uns an der T\u00fcr schellt es, ich mache auf und der Besucher bei\u00dft mir in den Nacken, bis meine Frau ihm zu verstehen gibt: &#8222;Nein, nein, mein Freund!&#8220;<br \/>\nDaraufhin schwirrt er unverrichteter Dinge wieder ab.<br \/>\nDie Moral von der Geschichte: Auch Enten sind nur Menschen. \ud83d\ude42<br \/>\nHinter dem Tiergarten befindet sich seitlich eine gro\u00dfe Wiese, wo immer ein Apfelschimmel grast (Zeitweise hat er sogar von einem zweiten Pferd Gesellschaft). Warum hei\u00dft der so?<br \/>\nIch wei\u00df es nicht. Ein schimmliger Apfel sieht anders aus. Egal.<br \/>\nWas ich eigentlich erz\u00e4hlen wollte:<br \/>\nDort bei dem Pferd hatte man einen Blick auf ein Gehege, wo vor einiger Zeit immer zwei dicke gro\u00dfe Eulen sitzen und den ganzen Tag nichts anderes zu tun haben, als dumm rum zu gucken. Das m\u00f6chte ich auch mal. Mach ich das eigentlich nicht auch? Nee, mach ich nicht.<br \/>\nZumindest nicht so, wie die das k\u00f6nnen.<br \/>\nHast Du Dir mal eine dicke Eule so richtig mit Sinn und Verstand angesehen?<br \/>\nSolltest du mal machen. Dann w\u00fcrde Dir auffallen, das die tats\u00e4chlich in der Lage sind, ihren Kopf um 360 Grad zu drehen. Wenn sie noch eine Runde schaffen w\u00fcrden, h\u00e4tten sie ein Gewinde.<\/p>\n<p><strong>Wenn Dir die Geschichten aus der KLE-Blatt-Reihe: &#8222;Der Klever Philosoph&#8220; gefallen oder Du Reiseratschl\u00e4ge bzw. lustige Reiseberichte lesen m\u00f6chtest, kannst Du viel mehr davon auch per Ebook bekommen in allen bekannten Online-Book-Stores wie Amazon.de, Weltbild.de, Thalia.de. Hugendubel.de, book.de, buecher.de, Bookrix.de, etc.<\/strong><br \/>\n<strong>Klick einfach auf dieses Bild:<\/strong><br \/>\n<a href=\"https:\/\/www.amazon.de\/Wenn-einer-eine-Reise-meckern\/dp\/1794085467\/ref=sr_1_19?__mk_de_DE=%C3%85M%C3%85%C5%BD%C3%95%C3%91&amp;keywords=j%C3%BCrgen+reintjes&amp;qid=1675859811&amp;sprefix=j%C3%BCrgen+reint%2Caps%2C283&amp;sr=8-19\" target=\"_blank\" rel=\"noopener\"><img loading=\"lazy\" decoding=\"async\" class=\"alignleft size-full wp-image-5529\" src=\"https:\/\/www.kle-blatt.de\/blog\/wp-content\/uploads\/2013\/08\/ebooks.jpg\" alt=\"Mach mal die Runde um den Tiergarten in Kleve\" width=\"649\" height=\"443\" srcset=\"https:\/\/www.kle-blatt.de\/blog\/wp-content\/uploads\/2013\/08\/ebooks.jpg 649w, https:\/\/www.kle-blatt.de\/blog\/wp-content\/uploads\/2013\/08\/ebooks-300x204.jpg 300w\" sizes=\"auto, (max-width: 649px) 100vw, 649px\" \/><\/a><\/p>\n","protected":false},"excerpt":{"rendered":"<p>Mach mal die Runde um den Tiergarten in Kleve Bei den ersten Fr\u00fchlings-Sonnenstrahlen musste ich mit meiner besseren H\u00e4lfte unbedingt &hellip; <a href=\"https:\/\/www.kle-blatt.de\/blog\/buecher-ueber-kleve\/der-klever-philosoph\/ostern-im-tiergarten-kleve.html\" class=\"more-link\"><span class=\"more-button\">Weiterlesen<span class=\"screen-reader-text\">Mach mal die Runde um den Tiergarten in Kleve<\/span><\/span><\/a><\/p>\n","protected":false},"author":2,"featured_media":8840,"comment_status":"closed","ping_status":"closed","sticky":false,"template":"","format":"standard","meta":{"footnotes":""},"categories":[14],"tags":[5938],"class_list":["post-2137","post","type-post","status-publish","format-standard","has-post-thumbnail","hentry","category-der-klever-philosoph","tag-mach-mal-die-runde-um-den-tiergarten-in-kleve"],"_links":{"self":[{"href":"https:\/\/www.kle-blatt.de\/blog\/wp-json\/wp\/v2\/posts\/2137","targetHints":{"allow":["GET"]}}],"collection":[{"href":"https:\/\/www.kle-blatt.de\/blog\/wp-json\/wp\/v2\/posts"}],"about":[{"href":"https:\/\/www.kle-blatt.de\/blog\/wp-json\/wp\/v2\/types\/post"}],"author":[{"embeddable":true,"href":"https:\/\/www.kle-blatt.de\/blog\/wp-json\/wp\/v2\/users\/2"}],"replies":[{"embeddable":true,"href":"https:\/\/www.kle-blatt.de\/blog\/wp-json\/wp\/v2\/comments?post=2137"}],"version-history":[{"count":2,"href":"https:\/\/www.kle-blatt.de\/blog\/wp-json\/wp\/v2\/posts\/2137\/revisions"}],"predecessor-version":[{"id":31800,"href":"https:\/\/www.kle-blatt.de\/blog\/wp-json\/wp\/v2\/posts\/2137\/revisions\/31800"}],"wp:featuredmedia":[{"embeddable":true,"href":"https:\/\/www.kle-blatt.de\/blog\/wp-json\/wp\/v2\/media\/8840"}],"wp:attachment":[{"href":"https:\/\/www.kle-blatt.de\/blog\/wp-json\/wp\/v2\/media?parent=2137"}],"wp:term":[{"taxonomy":"category","embeddable":true,"href":"https:\/\/www.kle-blatt.de\/blog\/wp-json\/wp\/v2\/categories?post=2137"},{"taxonomy":"post_tag","embeddable":true,"href":"https:\/\/www.kle-blatt.de\/blog\/wp-json\/wp\/v2\/tags?post=2137"}],"curies":[{"name":"wp","href":"https:\/\/api.w.org\/{rel}","templated":true}]}}