{"id":21460,"date":"2021-06-24T07:10:44","date_gmt":"2021-06-24T05:10:44","guid":{"rendered":"http:\/\/www.kle-blatt.de\/blog\/?p=21460"},"modified":"2021-05-18T12:05:41","modified_gmt":"2021-05-18T10:05:41","slug":"kopf-auf-kopf-im-world-center-kleve","status":"publish","type":"post","link":"https:\/\/www.kle-blatt.de\/blog\/kleve-in-foto-video\/aus-dem-privatalbum\/kopf-auf-kopf-im-world-center-kleve.html","title":{"rendered":"Dabei gewesen? Kopf auf Kopf im World Center Kleve"},"content":{"rendered":"<p><strong>Dabei gewesen? Kopf auf Kopf im World Center Kleve<\/strong><\/p>\n<p>Nicht nur internationale Top-Acts im Bereich Musik waren seinerzeit in der Klever Disko World Center zu bewundern, sondern auch regelm\u00e4\u00dfige Auftritte von anderen K\u00fcnstlern. Hier sehen wir ein Akrobatik-Duo, wobei der eine gerade einen Kopfstand auf dem Sch\u00e4del des anderen durchf\u00fchrt. K\u00f6nnte Kopfschmerzen verursachen.<\/p>\n<p><img loading=\"lazy\" decoding=\"async\" class=\"size-full wp-image-21461 aligncenter\" src=\"https:\/\/www.kle-blatt.de\/blog\/wp-content\/uploads\/2017\/05\/Unbenannt-21.jpg\" alt=\"Kopf auf Kopf im World Center Kleve\" width=\"850\" height=\"1152\" srcset=\"https:\/\/www.kle-blatt.de\/blog\/wp-content\/uploads\/2017\/05\/Unbenannt-21.jpg 850w, https:\/\/www.kle-blatt.de\/blog\/wp-content\/uploads\/2017\/05\/Unbenannt-21-221x300.jpg 221w, https:\/\/www.kle-blatt.de\/blog\/wp-content\/uploads\/2017\/05\/Unbenannt-21-768x1041.jpg 768w, https:\/\/www.kle-blatt.de\/blog\/wp-content\/uploads\/2017\/05\/Unbenannt-21-756x1024.jpg 756w\" sizes=\"auto, (max-width: 850px) 100vw, 850px\" \/><br \/>\n(Foto: Schmalie)<\/p>\n","protected":false},"excerpt":{"rendered":"<p>Dabei gewesen? Kopf auf Kopf im World Center Kleve Nicht nur internationale Top-Acts im Bereich Musik waren seinerzeit in der &hellip; <a href=\"https:\/\/www.kle-blatt.de\/blog\/kleve-in-foto-video\/aus-dem-privatalbum\/kopf-auf-kopf-im-world-center-kleve.html\" class=\"more-link\"><span class=\"more-button\">Weiterlesen<span class=\"screen-reader-text\">Dabei gewesen? Kopf auf Kopf im World Center Kleve<\/span><\/span><\/a><\/p>\n","protected":false},"author":2,"featured_media":21461,"comment_status":"open","ping_status":"closed","sticky":false,"template":"","format":"standard","meta":{"footnotes":""},"categories":[20,5279],"tags":[4451],"class_list":["post-21460","post","type-post","status-publish","format-standard","has-post-thumbnail","hentry","category-aus-dem-privatalbum","category-klever-musik-und-diskoszene","tag-kopf-auf-kopf-im-world-center-kleve"],"_links":{"self":[{"href":"https:\/\/www.kle-blatt.de\/blog\/wp-json\/wp\/v2\/posts\/21460","targetHints":{"allow":["GET"]}}],"collection":[{"href":"https:\/\/www.kle-blatt.de\/blog\/wp-json\/wp\/v2\/posts"}],"about":[{"href":"https:\/\/www.kle-blatt.de\/blog\/wp-json\/wp\/v2\/types\/post"}],"author":[{"embeddable":true,"href":"https:\/\/www.kle-blatt.de\/blog\/wp-json\/wp\/v2\/users\/2"}],"replies":[{"embeddable":true,"href":"https:\/\/www.kle-blatt.de\/blog\/wp-json\/wp\/v2\/comments?post=21460"}],"version-history":[{"count":2,"href":"https:\/\/www.kle-blatt.de\/blog\/wp-json\/wp\/v2\/posts\/21460\/revisions"}],"predecessor-version":[{"id":28826,"href":"https:\/\/www.kle-blatt.de\/blog\/wp-json\/wp\/v2\/posts\/21460\/revisions\/28826"}],"wp:featuredmedia":[{"embeddable":true,"href":"https:\/\/www.kle-blatt.de\/blog\/wp-json\/wp\/v2\/media\/21461"}],"wp:attachment":[{"href":"https:\/\/www.kle-blatt.de\/blog\/wp-json\/wp\/v2\/media?parent=21460"}],"wp:term":[{"taxonomy":"category","embeddable":true,"href":"https:\/\/www.kle-blatt.de\/blog\/wp-json\/wp\/v2\/categories?post=21460"},{"taxonomy":"post_tag","embeddable":true,"href":"https:\/\/www.kle-blatt.de\/blog\/wp-json\/wp\/v2\/tags?post=21460"}],"curies":[{"name":"wp","href":"https:\/\/api.w.org\/{rel}","templated":true}]}}