{"id":21489,"date":"2024-07-09T07:10:29","date_gmt":"2024-07-09T05:10:29","guid":{"rendered":"http:\/\/www.kle-blatt.de\/blog\/?p=21489"},"modified":"2024-06-10T12:09:16","modified_gmt":"2024-06-10T10:09:16","slug":"bist-du-auch-mit-dem-schwanenritter-gefahren","status":"publish","type":"post","link":"https:\/\/www.kle-blatt.de\/blog\/kleve-in-foto-video\/aus-dem-privatalbum\/bist-du-auch-mit-dem-schwanenritter-gefahren.html","title":{"rendered":"Bist Du auch mit dem Schwanenritter gefahren?"},"content":{"rendered":"<p><strong>Bist Du auch mit dem Schwanenritter gefahren?<\/strong><\/p>\n<p>In den F\u00fcnfzigern und Sechzigern wurde das Reisen per Bus f\u00fcr viele Urlauber interessant und so fuhr man in Kleve verst\u00e4rkt mit dem Schwanenritter in alle L\u00e4nder Europas. Wie wir hier sehen, hatte der Bus von Magirus-Deutz bereits durchsichtige Sonnend\u00e4cher, unter denen man dann ordentlich ans Schwitzen kam, wenn das Wetter besser wurde.<br \/>\nAuch heute noch reisen speziell Gruppen gerne mit dem Bus, weil es gesellig ist und ungleich preiswerter als andere Formen des Urlaubs. In Kleve kann man bequem hier buchen:<\/p>\n<p><a href=\"http:\/\/kle-blatt.de\/kle-reisen-individueller-rundum-reiseservice\/\"><span style=\"color: #ff0000;\"><strong>KLICK MICH!\u00a0<\/strong><\/span><\/a><\/p>\n<p><img loading=\"lazy\" decoding=\"async\" class=\"size-full wp-image-21490 aligncenter\" src=\"https:\/\/www.kle-blatt.de\/blog\/wp-content\/uploads\/2017\/05\/schwanenritter.jpg\" alt=\"Bist Du auch mit dem Schwanenritter gefahren?\" width=\"850\" height=\"532\" srcset=\"https:\/\/www.kle-blatt.de\/blog\/wp-content\/uploads\/2017\/05\/schwanenritter.jpg 850w, https:\/\/www.kle-blatt.de\/blog\/wp-content\/uploads\/2017\/05\/schwanenritter-300x188.jpg 300w, https:\/\/www.kle-blatt.de\/blog\/wp-content\/uploads\/2017\/05\/schwanenritter-768x481.jpg 768w\" sizes=\"auto, (max-width: 850px) 100vw, 850px\" \/><br \/>\n(Foto gezeigt von Peter Nengel)<\/p>\n","protected":false},"excerpt":{"rendered":"<p>Bist Du auch mit dem Schwanenritter gefahren? In den F\u00fcnfzigern und Sechzigern wurde das Reisen per Bus f\u00fcr viele Urlauber &hellip; <a href=\"https:\/\/www.kle-blatt.de\/blog\/kleve-in-foto-video\/aus-dem-privatalbum\/bist-du-auch-mit-dem-schwanenritter-gefahren.html\" class=\"more-link\"><span class=\"more-button\">Weiterlesen<span class=\"screen-reader-text\">Bist Du auch mit dem Schwanenritter gefahren?<\/span><\/span><\/a><\/p>\n","protected":false},"author":2,"featured_media":21490,"comment_status":"closed","ping_status":"closed","sticky":false,"template":"","format":"standard","meta":{"footnotes":""},"categories":[20],"tags":[4459],"class_list":["post-21489","post","type-post","status-publish","format-standard","has-post-thumbnail","hentry","category-aus-dem-privatalbum","tag-bist-du-auch-mit-dem-schwanenritter-gefahren"],"_links":{"self":[{"href":"https:\/\/www.kle-blatt.de\/blog\/wp-json\/wp\/v2\/posts\/21489","targetHints":{"allow":["GET"]}}],"collection":[{"href":"https:\/\/www.kle-blatt.de\/blog\/wp-json\/wp\/v2\/posts"}],"about":[{"href":"https:\/\/www.kle-blatt.de\/blog\/wp-json\/wp\/v2\/types\/post"}],"author":[{"embeddable":true,"href":"https:\/\/www.kle-blatt.de\/blog\/wp-json\/wp\/v2\/users\/2"}],"replies":[{"embeddable":true,"href":"https:\/\/www.kle-blatt.de\/blog\/wp-json\/wp\/v2\/comments?post=21489"}],"version-history":[{"count":2,"href":"https:\/\/www.kle-blatt.de\/blog\/wp-json\/wp\/v2\/posts\/21489\/revisions"}],"predecessor-version":[{"id":27395,"href":"https:\/\/www.kle-blatt.de\/blog\/wp-json\/wp\/v2\/posts\/21489\/revisions\/27395"}],"wp:featuredmedia":[{"embeddable":true,"href":"https:\/\/www.kle-blatt.de\/blog\/wp-json\/wp\/v2\/media\/21490"}],"wp:attachment":[{"href":"https:\/\/www.kle-blatt.de\/blog\/wp-json\/wp\/v2\/media?parent=21489"}],"wp:term":[{"taxonomy":"category","embeddable":true,"href":"https:\/\/www.kle-blatt.de\/blog\/wp-json\/wp\/v2\/categories?post=21489"},{"taxonomy":"post_tag","embeddable":true,"href":"https:\/\/www.kle-blatt.de\/blog\/wp-json\/wp\/v2\/tags?post=21489"}],"curies":[{"name":"wp","href":"https:\/\/api.w.org\/{rel}","templated":true}]}}