{"id":21507,"date":"2020-07-31T07:10:47","date_gmt":"2020-07-31T05:10:47","guid":{"rendered":"http:\/\/www.kle-blatt.de\/blog\/?p=21507"},"modified":"2020-06-27T12:21:39","modified_gmt":"2020-06-27T10:21:39","slug":"eine-niederrheinische-storchenfamilie","status":"publish","type":"post","link":"https:\/\/www.kle-blatt.de\/blog\/kleve-in-foto-video\/aus-dem-privatalbum\/eine-niederrheinische-storchenfamilie.html","title":{"rendered":"Auch mal beobachtet? Eine niederrheinische Storchenfamilie"},"content":{"rendered":"<p><strong>Auch mal beobachtet? Eine niederrheinische Storchenfamilie<\/strong><\/p>\n<p>Sie sind gef\u00fchlt eigentlich immer da. Waren sie eigentlich weg, die St\u00f6rche im Kleverland? Normalerweise fliegen sie ja Afrika und zur\u00fcck. Passiert das noch oder haben sie sich an einen anderen Rhythmus gew\u00f6hnt? Nun, f\u00fcr die Familie sorgen ist auf jeden Fall geblieben.<\/p>\n<p><img loading=\"lazy\" decoding=\"async\" class=\"size-full wp-image-21508 aligncenter\" src=\"https:\/\/www.kle-blatt.de\/blog\/wp-content\/uploads\/2017\/05\/storchenfamilie1.jpg\" alt=\"Eine niederrheinische Storchenfamilie\" width=\"850\" height=\"660\" srcset=\"https:\/\/www.kle-blatt.de\/blog\/wp-content\/uploads\/2017\/05\/storchenfamilie1.jpg 850w, https:\/\/www.kle-blatt.de\/blog\/wp-content\/uploads\/2017\/05\/storchenfamilie1-300x233.jpg 300w, https:\/\/www.kle-blatt.de\/blog\/wp-content\/uploads\/2017\/05\/storchenfamilie1-768x596.jpg 768w\" sizes=\"auto, (max-width: 850px) 100vw, 850px\" \/><br \/>\n(Foto: Klaus Viethen)<\/p>\n","protected":false},"excerpt":{"rendered":"<p>Auch mal beobachtet? Eine niederrheinische Storchenfamilie Sie sind gef\u00fchlt eigentlich immer da. Waren sie eigentlich weg, die St\u00f6rche im Kleverland? &hellip; <a href=\"https:\/\/www.kle-blatt.de\/blog\/kleve-in-foto-video\/aus-dem-privatalbum\/eine-niederrheinische-storchenfamilie.html\" class=\"more-link\"><span class=\"more-button\">Weiterlesen<span class=\"screen-reader-text\">Auch mal beobachtet? Eine niederrheinische Storchenfamilie<\/span><\/span><\/a><\/p>\n","protected":false},"author":2,"featured_media":21508,"comment_status":"open","ping_status":"closed","sticky":false,"template":"","format":"standard","meta":{"footnotes":""},"categories":[20],"tags":[4464],"class_list":["post-21507","post","type-post","status-publish","format-standard","has-post-thumbnail","hentry","category-aus-dem-privatalbum","tag-eine-niederrheinische-storchenfamilie"],"_links":{"self":[{"href":"https:\/\/www.kle-blatt.de\/blog\/wp-json\/wp\/v2\/posts\/21507","targetHints":{"allow":["GET"]}}],"collection":[{"href":"https:\/\/www.kle-blatt.de\/blog\/wp-json\/wp\/v2\/posts"}],"about":[{"href":"https:\/\/www.kle-blatt.de\/blog\/wp-json\/wp\/v2\/types\/post"}],"author":[{"embeddable":true,"href":"https:\/\/www.kle-blatt.de\/blog\/wp-json\/wp\/v2\/users\/2"}],"replies":[{"embeddable":true,"href":"https:\/\/www.kle-blatt.de\/blog\/wp-json\/wp\/v2\/comments?post=21507"}],"version-history":[{"count":2,"href":"https:\/\/www.kle-blatt.de\/blog\/wp-json\/wp\/v2\/posts\/21507\/revisions"}],"predecessor-version":[{"id":27397,"href":"https:\/\/www.kle-blatt.de\/blog\/wp-json\/wp\/v2\/posts\/21507\/revisions\/27397"}],"wp:featuredmedia":[{"embeddable":true,"href":"https:\/\/www.kle-blatt.de\/blog\/wp-json\/wp\/v2\/media\/21508"}],"wp:attachment":[{"href":"https:\/\/www.kle-blatt.de\/blog\/wp-json\/wp\/v2\/media?parent=21507"}],"wp:term":[{"taxonomy":"category","embeddable":true,"href":"https:\/\/www.kle-blatt.de\/blog\/wp-json\/wp\/v2\/categories?post=21507"},{"taxonomy":"post_tag","embeddable":true,"href":"https:\/\/www.kle-blatt.de\/blog\/wp-json\/wp\/v2\/tags?post=21507"}],"curies":[{"name":"wp","href":"https:\/\/api.w.org\/{rel}","templated":true}]}}