{"id":21528,"date":"2024-06-10T06:00:40","date_gmt":"2024-06-10T04:00:40","guid":{"rendered":"http:\/\/www.kle-blatt.de\/blog\/?p=21528"},"modified":"2024-05-11T13:17:14","modified_gmt":"2024-05-11T11:17:14","slug":"van-den-berghs-margarine-werke-kleve","status":"publish","type":"post","link":"https:\/\/www.kle-blatt.de\/blog\/kleve-in-foto-video\/aus-dem-privatalbum\/van-den-berghs-margarine-werke-kleve.html","title":{"rendered":"Van Den Berghs Margarine Werke Kleve"},"content":{"rendered":"<p><strong>Van Den Berghs Margarine Werke Kleve<\/strong><\/p>\n<p>So steht es in Gro\u00dfbuchstaben auf dem Tuch im Hintergrund. Wir sehen hier eine Auswahl von Produkten der Sorten Sanella und Palmin. Doch wo ist die Rama? Die drapierten W\u00fcrfel mit dem angedeuteten Kreuzband sind Sanella-W\u00fcrfel. Vorg\u00e4nger des Rama-W\u00fcrfels?<\/p>\n<p><img loading=\"lazy\" decoding=\"async\" class=\"size-full wp-image-21529 aligncenter\" src=\"https:\/\/www.kle-blatt.de\/blog\/wp-content\/uploads\/2017\/05\/sortiment-van-den-bergh.jpg\" alt=\"Van Den Berghs Margarine Werke Kleve\" width=\"850\" height=\"527\" srcset=\"https:\/\/www.kle-blatt.de\/blog\/wp-content\/uploads\/2017\/05\/sortiment-van-den-bergh.jpg 850w, https:\/\/www.kle-blatt.de\/blog\/wp-content\/uploads\/2017\/05\/sortiment-van-den-bergh-300x186.jpg 300w, https:\/\/www.kle-blatt.de\/blog\/wp-content\/uploads\/2017\/05\/sortiment-van-den-bergh-768x476.jpg 768w\" sizes=\"auto, (max-width: 850px) 100vw, 850px\" \/><br \/>\n(Foto: Fritz Wippich)<\/p>\n","protected":false},"excerpt":{"rendered":"<p>Van Den Berghs Margarine Werke Kleve So steht es in Gro\u00dfbuchstaben auf dem Tuch im Hintergrund. Wir sehen hier eine &hellip; <a href=\"https:\/\/www.kle-blatt.de\/blog\/kleve-in-foto-video\/aus-dem-privatalbum\/van-den-berghs-margarine-werke-kleve.html\" class=\"more-link\"><span class=\"more-button\">Weiterlesen<span class=\"screen-reader-text\">Van Den Berghs Margarine Werke Kleve<\/span><\/span><\/a><\/p>\n","protected":false},"author":2,"featured_media":21529,"comment_status":"closed","ping_status":"closed","sticky":false,"template":"","format":"standard","meta":{"footnotes":""},"categories":[20],"tags":[4471],"class_list":["post-21528","post","type-post","status-publish","format-standard","has-post-thumbnail","hentry","category-aus-dem-privatalbum","tag-van-den-berghs-margarine-werke-kleve"],"_links":{"self":[{"href":"https:\/\/www.kle-blatt.de\/blog\/wp-json\/wp\/v2\/posts\/21528","targetHints":{"allow":["GET"]}}],"collection":[{"href":"https:\/\/www.kle-blatt.de\/blog\/wp-json\/wp\/v2\/posts"}],"about":[{"href":"https:\/\/www.kle-blatt.de\/blog\/wp-json\/wp\/v2\/types\/post"}],"author":[{"embeddable":true,"href":"https:\/\/www.kle-blatt.de\/blog\/wp-json\/wp\/v2\/users\/2"}],"replies":[{"embeddable":true,"href":"https:\/\/www.kle-blatt.de\/blog\/wp-json\/wp\/v2\/comments?post=21528"}],"version-history":[{"count":2,"href":"https:\/\/www.kle-blatt.de\/blog\/wp-json\/wp\/v2\/posts\/21528\/revisions"}],"predecessor-version":[{"id":33896,"href":"https:\/\/www.kle-blatt.de\/blog\/wp-json\/wp\/v2\/posts\/21528\/revisions\/33896"}],"wp:featuredmedia":[{"embeddable":true,"href":"https:\/\/www.kle-blatt.de\/blog\/wp-json\/wp\/v2\/media\/21529"}],"wp:attachment":[{"href":"https:\/\/www.kle-blatt.de\/blog\/wp-json\/wp\/v2\/media?parent=21528"}],"wp:term":[{"taxonomy":"category","embeddable":true,"href":"https:\/\/www.kle-blatt.de\/blog\/wp-json\/wp\/v2\/categories?post=21528"},{"taxonomy":"post_tag","embeddable":true,"href":"https:\/\/www.kle-blatt.de\/blog\/wp-json\/wp\/v2\/tags?post=21528"}],"curies":[{"name":"wp","href":"https:\/\/api.w.org\/{rel}","templated":true}]}}