{"id":21691,"date":"2022-07-09T05:36:06","date_gmt":"2022-07-09T03:36:06","guid":{"rendered":"http:\/\/www.kle-blatt.de\/blog\/?p=21691"},"modified":"2022-06-21T12:00:04","modified_gmt":"2022-06-21T10:00:04","slug":"buntes-kirmes-negativ-von-kleve","status":"publish","type":"post","link":"https:\/\/www.kle-blatt.de\/blog\/kleve-in-foto-video\/aus-dem-privatalbum\/buntes-kirmes-negativ-von-kleve.html","title":{"rendered":"Buntes Kirmes-Negativ von Kleve"},"content":{"rendered":"<p><strong>Buntes Kirmes-Negativ von Kleve<\/strong><\/p>\n<p>Ein interessanter Anblick auf die Klever Kirmes. Momentan kann man sie ja in nat\u00fcrlichen Farben sehen und erleben. V\u00f6\u00f6l Gl\u00f6kks met de Kermes. \ud83d\ude42<\/p>\n<p><img loading=\"lazy\" decoding=\"async\" class=\"size-full wp-image-21692 aligncenter\" src=\"https:\/\/www.kle-blatt.de\/blog\/wp-content\/uploads\/2017\/06\/kirmes-ralf-heyden.jpg\" alt=\"Buntes Kirmes-Negativ von Kleve\" width=\"850\" height=\"565\" srcset=\"https:\/\/www.kle-blatt.de\/blog\/wp-content\/uploads\/2017\/06\/kirmes-ralf-heyden.jpg 850w, https:\/\/www.kle-blatt.de\/blog\/wp-content\/uploads\/2017\/06\/kirmes-ralf-heyden-300x200.jpg 300w, https:\/\/www.kle-blatt.de\/blog\/wp-content\/uploads\/2017\/06\/kirmes-ralf-heyden-768x510.jpg 768w\" sizes=\"auto, (max-width: 850px) 100vw, 850px\" \/><br \/>\n(Foto: Ralf Heyden)<\/p>\n","protected":false},"excerpt":{"rendered":"<p>Buntes Kirmes-Negativ von Kleve Ein interessanter Anblick auf die Klever Kirmes. Momentan kann man sie ja in nat\u00fcrlichen Farben sehen &hellip; <a href=\"https:\/\/www.kle-blatt.de\/blog\/kleve-in-foto-video\/aus-dem-privatalbum\/buntes-kirmes-negativ-von-kleve.html\" class=\"more-link\"><span class=\"more-button\">Weiterlesen<span class=\"screen-reader-text\">Buntes Kirmes-Negativ von Kleve<\/span><\/span><\/a><\/p>\n","protected":false},"author":2,"featured_media":21692,"comment_status":"open","ping_status":"closed","sticky":false,"template":"","format":"standard","meta":{"footnotes":""},"categories":[20],"tags":[4488],"class_list":["post-21691","post","type-post","status-publish","format-standard","has-post-thumbnail","hentry","category-aus-dem-privatalbum","tag-buntes-kirmes-negativ-von-kleve"],"_links":{"self":[{"href":"https:\/\/www.kle-blatt.de\/blog\/wp-json\/wp\/v2\/posts\/21691","targetHints":{"allow":["GET"]}}],"collection":[{"href":"https:\/\/www.kle-blatt.de\/blog\/wp-json\/wp\/v2\/posts"}],"about":[{"href":"https:\/\/www.kle-blatt.de\/blog\/wp-json\/wp\/v2\/types\/post"}],"author":[{"embeddable":true,"href":"https:\/\/www.kle-blatt.de\/blog\/wp-json\/wp\/v2\/users\/2"}],"replies":[{"embeddable":true,"href":"https:\/\/www.kle-blatt.de\/blog\/wp-json\/wp\/v2\/comments?post=21691"}],"version-history":[{"count":1,"href":"https:\/\/www.kle-blatt.de\/blog\/wp-json\/wp\/v2\/posts\/21691\/revisions"}],"predecessor-version":[{"id":30661,"href":"https:\/\/www.kle-blatt.de\/blog\/wp-json\/wp\/v2\/posts\/21691\/revisions\/30661"}],"wp:featuredmedia":[{"embeddable":true,"href":"https:\/\/www.kle-blatt.de\/blog\/wp-json\/wp\/v2\/media\/21692"}],"wp:attachment":[{"href":"https:\/\/www.kle-blatt.de\/blog\/wp-json\/wp\/v2\/media?parent=21691"}],"wp:term":[{"taxonomy":"category","embeddable":true,"href":"https:\/\/www.kle-blatt.de\/blog\/wp-json\/wp\/v2\/categories?post=21691"},{"taxonomy":"post_tag","embeddable":true,"href":"https:\/\/www.kle-blatt.de\/blog\/wp-json\/wp\/v2\/tags?post=21691"}],"curies":[{"name":"wp","href":"https:\/\/api.w.org\/{rel}","templated":true}]}}