{"id":21698,"date":"2022-07-29T05:00:38","date_gmt":"2022-07-29T03:00:38","guid":{"rendered":"http:\/\/www.kle-blatt.de\/blog\/?p=21698"},"modified":"2022-06-21T12:01:32","modified_gmt":"2022-06-21T10:01:32","slug":"kein-kurfuerst-vor-der-schwanenburg","status":"publish","type":"post","link":"https:\/\/www.kle-blatt.de\/blog\/kleve-in-foto-video\/aus-dem-privatalbum\/kein-kurfuerst-vor-der-schwanenburg.html","title":{"rendered":"Kein Kurf\u00fcrst vor der Schwanenburg"},"content":{"rendered":"<p><strong>Kein Kurf\u00fcrst vor der Schwanenburg<\/strong><\/p>\n<p>Hier sehen wir die Schwanenburg noch zu Zeiten, als das Denkmal des Gro\u00dfen Kurf\u00fcrsten noch nicht davor aufgestellt war. So sind ebenfalls die zu sehenden Autos Zeitzeugen der Klever Vergangenheit.<\/p>\n<p><img loading=\"lazy\" decoding=\"async\" class=\"size-full wp-image-21699 aligncenter\" src=\"https:\/\/www.kle-blatt.de\/blog\/wp-content\/uploads\/2017\/06\/schwanenburg-ralf-heyden.jpg\" alt=\"Kein Kurf\u00fcrst vor der Schwanenburg\" width=\"850\" height=\"1078\" srcset=\"https:\/\/www.kle-blatt.de\/blog\/wp-content\/uploads\/2017\/06\/schwanenburg-ralf-heyden.jpg 850w, https:\/\/www.kle-blatt.de\/blog\/wp-content\/uploads\/2017\/06\/schwanenburg-ralf-heyden-237x300.jpg 237w, https:\/\/www.kle-blatt.de\/blog\/wp-content\/uploads\/2017\/06\/schwanenburg-ralf-heyden-768x974.jpg 768w, https:\/\/www.kle-blatt.de\/blog\/wp-content\/uploads\/2017\/06\/schwanenburg-ralf-heyden-807x1024.jpg 807w\" sizes=\"auto, (max-width: 850px) 100vw, 850px\" \/><br \/>\n(Foto: Ralf Heyden)<\/p>\n","protected":false},"excerpt":{"rendered":"<p>Kein Kurf\u00fcrst vor der Schwanenburg Hier sehen wir die Schwanenburg noch zu Zeiten, als das Denkmal des Gro\u00dfen Kurf\u00fcrsten noch &hellip; <a href=\"https:\/\/www.kle-blatt.de\/blog\/kleve-in-foto-video\/aus-dem-privatalbum\/kein-kurfuerst-vor-der-schwanenburg.html\" class=\"more-link\"><span class=\"more-button\">Weiterlesen<span class=\"screen-reader-text\">Kein Kurf\u00fcrst vor der Schwanenburg<\/span><\/span><\/a><\/p>\n","protected":false},"author":2,"featured_media":21699,"comment_status":"open","ping_status":"closed","sticky":false,"template":"","format":"standard","meta":{"footnotes":""},"categories":[20],"tags":[4489],"class_list":["post-21698","post","type-post","status-publish","format-standard","has-post-thumbnail","hentry","category-aus-dem-privatalbum","tag-kein-kurfuerst-vor-der-schwanenburg"],"_links":{"self":[{"href":"https:\/\/www.kle-blatt.de\/blog\/wp-json\/wp\/v2\/posts\/21698","targetHints":{"allow":["GET"]}}],"collection":[{"href":"https:\/\/www.kle-blatt.de\/blog\/wp-json\/wp\/v2\/posts"}],"about":[{"href":"https:\/\/www.kle-blatt.de\/blog\/wp-json\/wp\/v2\/types\/post"}],"author":[{"embeddable":true,"href":"https:\/\/www.kle-blatt.de\/blog\/wp-json\/wp\/v2\/users\/2"}],"replies":[{"embeddable":true,"href":"https:\/\/www.kle-blatt.de\/blog\/wp-json\/wp\/v2\/comments?post=21698"}],"version-history":[{"count":2,"href":"https:\/\/www.kle-blatt.de\/blog\/wp-json\/wp\/v2\/posts\/21698\/revisions"}],"predecessor-version":[{"id":30663,"href":"https:\/\/www.kle-blatt.de\/blog\/wp-json\/wp\/v2\/posts\/21698\/revisions\/30663"}],"wp:featuredmedia":[{"embeddable":true,"href":"https:\/\/www.kle-blatt.de\/blog\/wp-json\/wp\/v2\/media\/21699"}],"wp:attachment":[{"href":"https:\/\/www.kle-blatt.de\/blog\/wp-json\/wp\/v2\/media?parent=21698"}],"wp:term":[{"taxonomy":"category","embeddable":true,"href":"https:\/\/www.kle-blatt.de\/blog\/wp-json\/wp\/v2\/categories?post=21698"},{"taxonomy":"post_tag","embeddable":true,"href":"https:\/\/www.kle-blatt.de\/blog\/wp-json\/wp\/v2\/tags?post=21698"}],"curies":[{"name":"wp","href":"https:\/\/api.w.org\/{rel}","templated":true}]}}