{"id":21701,"date":"2025-07-08T07:20:27","date_gmt":"2025-07-08T05:20:27","guid":{"rendered":"http:\/\/www.kle-blatt.de\/blog\/?p=21701"},"modified":"2025-05-13T11:51:47","modified_gmt":"2025-05-13T09:51:47","slug":"das-gesicht-des-klever-burgtheaters","status":"publish","type":"post","link":"https:\/\/www.kle-blatt.de\/blog\/kultur\/das-gesicht-des-klever-burgtheaters.html","title":{"rendered":"Wer kennt ihn nicht? Das Gesicht des Klever Burgtheaters"},"content":{"rendered":"<p><strong>Wer kennt ihn nicht? Das Gesicht des Klever Burgtheaters<\/strong><\/p>\n<p>Man kann Reinhard Berens getrost als eben das bezeichnen, denn keiner hat die Klever Kino-Landschaft deutlicher gepr\u00e4gt als er, nachdem Rudolf Hammer die Kinos verkaufte.<br \/>\nHier sehen wir Chef Berens an seinem Lieblingsplatz &#8211; dort wo das Geld herein kommt, um den Klever B\u00fcrgern immer das Beste und Aktuellste auf dem Filme-Markt zu pr\u00e4sentieren.<br \/>\nDas macht er nach wie vor mit gro\u00dfem Engagement. Aktuell erinnern wir uns an sein Auto-Kino, mit dem er die erste Krise wegen der Pandemie etwas ertr\u00e4glicher machte.<br \/>\nNat\u00fcrlich sitzt er schon l\u00e4ngst nicht mehr in einem Kassenh\u00e4uschen, so wie wir es hier noch aus dem alten Burgtheater sehen. Doch Loge und Sperrsitz sind immer noch Begriffe, die dem Kino zugeordnet werden. Das Bild entstand zu Zeiten, als man noch mit dem C64 arbeitete, der heute wohl nur noch der \u00e4lteren Generation bekannt ist. Es waren die Achtziger Jahre. \ud83d\ude42<\/p>\n<p><img loading=\"lazy\" decoding=\"async\" class=\"size-full wp-image-21702 aligncenter\" src=\"https:\/\/www.kle-blatt.de\/blog\/wp-content\/uploads\/2017\/06\/burgtheater-r\u00fcdiger-dehnen.jpg\" alt=\"Das Gesicht des Klever Burgtheaters\" width=\"850\" height=\"1100\" \/><br \/>\n(Foto: R\u00fcdiger Dehnen)<\/p>\n","protected":false},"excerpt":{"rendered":"<p>Wer kennt ihn nicht? Das Gesicht des Klever Burgtheaters Man kann Reinhard Berens getrost als eben das bezeichnen, denn keiner &hellip; <a href=\"https:\/\/www.kle-blatt.de\/blog\/kultur\/das-gesicht-des-klever-burgtheaters.html\" class=\"more-link\"><span class=\"more-button\">Weiterlesen<span class=\"screen-reader-text\">Wer kennt ihn nicht? Das Gesicht des Klever Burgtheaters<\/span><\/span><\/a><\/p>\n","protected":false},"author":2,"featured_media":21702,"comment_status":"closed","ping_status":"closed","sticky":false,"template":"","format":"standard","meta":{"footnotes":""},"categories":[20,4],"tags":[4490],"class_list":["post-21701","post","type-post","status-publish","format-standard","has-post-thumbnail","hentry","category-aus-dem-privatalbum","category-kultur","tag-das-gesicht-des-klever-burgtheaters"],"_links":{"self":[{"href":"https:\/\/www.kle-blatt.de\/blog\/wp-json\/wp\/v2\/posts\/21701","targetHints":{"allow":["GET"]}}],"collection":[{"href":"https:\/\/www.kle-blatt.de\/blog\/wp-json\/wp\/v2\/posts"}],"about":[{"href":"https:\/\/www.kle-blatt.de\/blog\/wp-json\/wp\/v2\/types\/post"}],"author":[{"embeddable":true,"href":"https:\/\/www.kle-blatt.de\/blog\/wp-json\/wp\/v2\/users\/2"}],"replies":[{"embeddable":true,"href":"https:\/\/www.kle-blatt.de\/blog\/wp-json\/wp\/v2\/comments?post=21701"}],"version-history":[{"count":2,"href":"https:\/\/www.kle-blatt.de\/blog\/wp-json\/wp\/v2\/posts\/21701\/revisions"}],"predecessor-version":[{"id":27386,"href":"https:\/\/www.kle-blatt.de\/blog\/wp-json\/wp\/v2\/posts\/21701\/revisions\/27386"}],"wp:featuredmedia":[{"embeddable":true,"href":"https:\/\/www.kle-blatt.de\/blog\/wp-json\/wp\/v2\/media\/21702"}],"wp:attachment":[{"href":"https:\/\/www.kle-blatt.de\/blog\/wp-json\/wp\/v2\/media?parent=21701"}],"wp:term":[{"taxonomy":"category","embeddable":true,"href":"https:\/\/www.kle-blatt.de\/blog\/wp-json\/wp\/v2\/categories?post=21701"},{"taxonomy":"post_tag","embeddable":true,"href":"https:\/\/www.kle-blatt.de\/blog\/wp-json\/wp\/v2\/tags?post=21701"}],"curies":[{"name":"wp","href":"https:\/\/api.w.org\/{rel}","templated":true}]}}