{"id":21819,"date":"2025-08-23T07:00:42","date_gmt":"2025-08-23T05:00:42","guid":{"rendered":"http:\/\/www.kle-blatt.de\/blog\/?p=21819"},"modified":"2025-07-03T14:43:33","modified_gmt":"2025-07-03T12:43:33","slug":"wilder-westen-in-kleve","status":"publish","type":"post","link":"https:\/\/www.kle-blatt.de\/blog\/kleve-in-foto-video\/wilder-westen-in-kleve.html","title":{"rendered":"Wilder Westen in Kleve?"},"content":{"rendered":"<p><strong>Wilder Westen in Kleve?<\/strong><\/p>\n<p>Es sieht fast so aus beim Anblick dieser f\u00fcr den Wilden Westen typischen Planwagen. Hier handelt es sich jedoch um die Transport-Karren f\u00fcr die Milch, die in zahlreichen gro\u00dfen &#8222;Teuten&#8220; von den Milchbauern seinerzeit ins Margarinewerk von van den Bergh geschafft wurde. Zu dieser Zeit war das Pferdefuhrwerk noch Transportmittel Nr. 1.<\/p>\n<p><img loading=\"lazy\" decoding=\"async\" class=\"size-full wp-image-21820 aligncenter\" src=\"https:\/\/www.kle-blatt.de\/blog\/wp-content\/uploads\/2017\/07\/wilder-westen-bernd-janssen.jpg\" alt=\"Wilder Westen in Kleve?\" width=\"849\" height=\"553\" srcset=\"https:\/\/www.kle-blatt.de\/blog\/wp-content\/uploads\/2017\/07\/wilder-westen-bernd-janssen.jpg 849w, https:\/\/www.kle-blatt.de\/blog\/wp-content\/uploads\/2017\/07\/wilder-westen-bernd-janssen-300x195.jpg 300w, https:\/\/www.kle-blatt.de\/blog\/wp-content\/uploads\/2017\/07\/wilder-westen-bernd-janssen-768x500.jpg 768w\" sizes=\"auto, (max-width: 849px) 100vw, 849px\" \/><br \/>\n(Foto gezeigt von Bernd Janssen)<\/p>\n","protected":false},"excerpt":{"rendered":"<p>Wilder Westen in Kleve? Es sieht fast so aus beim Anblick dieser f\u00fcr den Wilden Westen typischen Planwagen. Hier handelt &hellip; <a href=\"https:\/\/www.kle-blatt.de\/blog\/kleve-in-foto-video\/wilder-westen-in-kleve.html\" class=\"more-link\"><span class=\"more-button\">Weiterlesen<span class=\"screen-reader-text\">Wilder Westen in Kleve?<\/span><\/span><\/a><\/p>\n","protected":false},"author":2,"featured_media":21820,"comment_status":"closed","ping_status":"closed","sticky":false,"template":"","format":"standard","meta":{"footnotes":""},"categories":[3],"tags":[4496],"class_list":["post-21819","post","type-post","status-publish","format-standard","has-post-thumbnail","hentry","category-kleve-in-foto-video","tag-wilder-westen-in-kleve"],"_links":{"self":[{"href":"https:\/\/www.kle-blatt.de\/blog\/wp-json\/wp\/v2\/posts\/21819","targetHints":{"allow":["GET"]}}],"collection":[{"href":"https:\/\/www.kle-blatt.de\/blog\/wp-json\/wp\/v2\/posts"}],"about":[{"href":"https:\/\/www.kle-blatt.de\/blog\/wp-json\/wp\/v2\/types\/post"}],"author":[{"embeddable":true,"href":"https:\/\/www.kle-blatt.de\/blog\/wp-json\/wp\/v2\/users\/2"}],"replies":[{"embeddable":true,"href":"https:\/\/www.kle-blatt.de\/blog\/wp-json\/wp\/v2\/comments?post=21819"}],"version-history":[{"count":2,"href":"https:\/\/www.kle-blatt.de\/blog\/wp-json\/wp\/v2\/posts\/21819\/revisions"}],"predecessor-version":[{"id":29080,"href":"https:\/\/www.kle-blatt.de\/blog\/wp-json\/wp\/v2\/posts\/21819\/revisions\/29080"}],"wp:featuredmedia":[{"embeddable":true,"href":"https:\/\/www.kle-blatt.de\/blog\/wp-json\/wp\/v2\/media\/21820"}],"wp:attachment":[{"href":"https:\/\/www.kle-blatt.de\/blog\/wp-json\/wp\/v2\/media?parent=21819"}],"wp:term":[{"taxonomy":"category","embeddable":true,"href":"https:\/\/www.kle-blatt.de\/blog\/wp-json\/wp\/v2\/categories?post=21819"},{"taxonomy":"post_tag","embeddable":true,"href":"https:\/\/www.kle-blatt.de\/blog\/wp-json\/wp\/v2\/tags?post=21819"}],"curies":[{"name":"wp","href":"https:\/\/api.w.org\/{rel}","templated":true}]}}