{"id":21829,"date":"2021-08-21T06:10:44","date_gmt":"2021-08-21T04:10:44","guid":{"rendered":"http:\/\/www.kle-blatt.de\/blog\/?p=21829"},"modified":"2021-07-26T10:01:05","modified_gmt":"2021-07-26T08:01:05","slug":"segler-und-floesse-im-hafen-von-kleve","status":"publish","type":"post","link":"https:\/\/www.kle-blatt.de\/blog\/kleve-in-foto-video\/segler-und-floesse-im-hafen-von-kleve.html","title":{"rendered":"Segler und Fl\u00f6\u00dfe im Hafen von Kleve"},"content":{"rendered":"<p><strong>Segler und Fl\u00f6\u00dfe im Hafen von Kleve<\/strong><\/p>\n<p>Vermutlich holl\u00e4ndische Fracht-Segler sehen wir hier im alten Hafen von Cleve, so wie es zu jener Zeit \u00fcblich war. Unten entdeckt man auch ein Floss aus Baumst\u00e4mmen, die damals zur Weiterverarbeitung in das Holzwerk von Dorsemagen bef\u00f6rdert worden sind. Unten rechts erkennt man den Kapit\u00e4n dieser Wasserfahrzeug-Konstruktion.<\/p>\n<p><img loading=\"lazy\" decoding=\"async\" class=\"size-full wp-image-21830 aligncenter\" src=\"https:\/\/www.kle-blatt.de\/blog\/wp-content\/uploads\/2017\/07\/hafen.jpg\" alt=\"Segler und Fl\u00f6\u00dfe im Hafen von Kleve\" width=\"850\" height=\"537\" srcset=\"https:\/\/www.kle-blatt.de\/blog\/wp-content\/uploads\/2017\/07\/hafen.jpg 850w, https:\/\/www.kle-blatt.de\/blog\/wp-content\/uploads\/2017\/07\/hafen-300x190.jpg 300w, https:\/\/www.kle-blatt.de\/blog\/wp-content\/uploads\/2017\/07\/hafen-768x485.jpg 768w\" sizes=\"auto, (max-width: 850px) 100vw, 850px\" \/><\/p>\n","protected":false},"excerpt":{"rendered":"<p>Segler und Fl\u00f6\u00dfe im Hafen von Kleve Vermutlich holl\u00e4ndische Fracht-Segler sehen wir hier im alten Hafen von Cleve, so wie &hellip; <a href=\"https:\/\/www.kle-blatt.de\/blog\/kleve-in-foto-video\/segler-und-floesse-im-hafen-von-kleve.html\" class=\"more-link\"><span class=\"more-button\">Weiterlesen<span class=\"screen-reader-text\">Segler und Fl\u00f6\u00dfe im Hafen von Kleve<\/span><\/span><\/a><\/p>\n","protected":false},"author":2,"featured_media":21830,"comment_status":"open","ping_status":"closed","sticky":false,"template":"","format":"standard","meta":{"footnotes":""},"categories":[3],"tags":[4498],"class_list":["post-21829","post","type-post","status-publish","format-standard","has-post-thumbnail","hentry","category-kleve-in-foto-video","tag-segler-und-floesse-im-hafen-von-kleve"],"_links":{"self":[{"href":"https:\/\/www.kle-blatt.de\/blog\/wp-json\/wp\/v2\/posts\/21829","targetHints":{"allow":["GET"]}}],"collection":[{"href":"https:\/\/www.kle-blatt.de\/blog\/wp-json\/wp\/v2\/posts"}],"about":[{"href":"https:\/\/www.kle-blatt.de\/blog\/wp-json\/wp\/v2\/types\/post"}],"author":[{"embeddable":true,"href":"https:\/\/www.kle-blatt.de\/blog\/wp-json\/wp\/v2\/users\/2"}],"replies":[{"embeddable":true,"href":"https:\/\/www.kle-blatt.de\/blog\/wp-json\/wp\/v2\/comments?post=21829"}],"version-history":[{"count":1,"href":"https:\/\/www.kle-blatt.de\/blog\/wp-json\/wp\/v2\/posts\/21829\/revisions"}],"predecessor-version":[{"id":29098,"href":"https:\/\/www.kle-blatt.de\/blog\/wp-json\/wp\/v2\/posts\/21829\/revisions\/29098"}],"wp:featuredmedia":[{"embeddable":true,"href":"https:\/\/www.kle-blatt.de\/blog\/wp-json\/wp\/v2\/media\/21830"}],"wp:attachment":[{"href":"https:\/\/www.kle-blatt.de\/blog\/wp-json\/wp\/v2\/media?parent=21829"}],"wp:term":[{"taxonomy":"category","embeddable":true,"href":"https:\/\/www.kle-blatt.de\/blog\/wp-json\/wp\/v2\/categories?post=21829"},{"taxonomy":"post_tag","embeddable":true,"href":"https:\/\/www.kle-blatt.de\/blog\/wp-json\/wp\/v2\/tags?post=21829"}],"curies":[{"name":"wp","href":"https:\/\/api.w.org\/{rel}","templated":true}]}}