{"id":21835,"date":"2023-08-20T06:10:20","date_gmt":"2023-08-20T04:10:20","guid":{"rendered":"http:\/\/www.kle-blatt.de\/blog\/?p=21835"},"modified":"2023-07-16T12:17:11","modified_gmt":"2023-07-16T10:17:11","slug":"blauer-himmel-ueber-donsbrueggen","status":"publish","type":"post","link":"https:\/\/www.kle-blatt.de\/blog\/kleve-in-foto-video\/blauer-himmel-ueber-donsbrueggen.html","title":{"rendered":"Blauer Himmel \u00fcber Donsbr\u00fcggen"},"content":{"rendered":"<p><strong>Blauer Himmel \u00fcber Donsbr\u00fcggen<\/strong><\/p>\n<p>Aufgrund der Tatsache, das diese fr\u00fchere Ansichtskarte noch koloriert war, kann man ermessen, wie viel Jahre dieser Anblick aus Donsbr\u00fcggen her ist. Es muss wohl in den Sechziger Jahren sein. Eingefleischte Donsbr\u00fcgger\/innen werden es besser wissen.<\/p>\n<p><img loading=\"lazy\" decoding=\"async\" class=\"size-full wp-image-21836 aligncenter\" src=\"https:\/\/www.kle-blatt.de\/blog\/wp-content\/uploads\/2017\/07\/donsbr\u00fcggen-1-bertram-winterberg.jpg\" alt=\"Blauer Himmel \u00fcber Donsbr\u00fcggen\" width=\"850\" height=\"580\" srcset=\"https:\/\/www.kle-blatt.de\/blog\/wp-content\/uploads\/2017\/07\/donsbr\u00fcggen-1-bertram-winterberg.jpg 850w, https:\/\/www.kle-blatt.de\/blog\/wp-content\/uploads\/2017\/07\/donsbr\u00fcggen-1-bertram-winterberg-300x205.jpg 300w, https:\/\/www.kle-blatt.de\/blog\/wp-content\/uploads\/2017\/07\/donsbr\u00fcggen-1-bertram-winterberg-768x524.jpg 768w\" sizes=\"auto, (max-width: 850px) 100vw, 850px\" \/><br \/>\n(Foto gezeigt von Bertram Winterberg)<\/p>\n","protected":false},"excerpt":{"rendered":"<p>Blauer Himmel \u00fcber Donsbr\u00fcggen Aufgrund der Tatsache, das diese fr\u00fchere Ansichtskarte noch koloriert war, kann man ermessen, wie viel Jahre &hellip; <a href=\"https:\/\/www.kle-blatt.de\/blog\/kleve-in-foto-video\/blauer-himmel-ueber-donsbrueggen.html\" class=\"more-link\"><span class=\"more-button\">Weiterlesen<span class=\"screen-reader-text\">Blauer Himmel \u00fcber Donsbr\u00fcggen<\/span><\/span><\/a><\/p>\n","protected":false},"author":2,"featured_media":21836,"comment_status":"open","ping_status":"closed","sticky":false,"template":"","format":"standard","meta":{"footnotes":""},"categories":[3],"tags":[4499],"class_list":["post-21835","post","type-post","status-publish","format-standard","has-post-thumbnail","hentry","category-kleve-in-foto-video","tag-blauer-himmel-ueber-donsbrueggen"],"_links":{"self":[{"href":"https:\/\/www.kle-blatt.de\/blog\/wp-json\/wp\/v2\/posts\/21835","targetHints":{"allow":["GET"]}}],"collection":[{"href":"https:\/\/www.kle-blatt.de\/blog\/wp-json\/wp\/v2\/posts"}],"about":[{"href":"https:\/\/www.kle-blatt.de\/blog\/wp-json\/wp\/v2\/types\/post"}],"author":[{"embeddable":true,"href":"https:\/\/www.kle-blatt.de\/blog\/wp-json\/wp\/v2\/users\/2"}],"replies":[{"embeddable":true,"href":"https:\/\/www.kle-blatt.de\/blog\/wp-json\/wp\/v2\/comments?post=21835"}],"version-history":[{"count":1,"href":"https:\/\/www.kle-blatt.de\/blog\/wp-json\/wp\/v2\/posts\/21835\/revisions"}],"predecessor-version":[{"id":32442,"href":"https:\/\/www.kle-blatt.de\/blog\/wp-json\/wp\/v2\/posts\/21835\/revisions\/32442"}],"wp:featuredmedia":[{"embeddable":true,"href":"https:\/\/www.kle-blatt.de\/blog\/wp-json\/wp\/v2\/media\/21836"}],"wp:attachment":[{"href":"https:\/\/www.kle-blatt.de\/blog\/wp-json\/wp\/v2\/media?parent=21835"}],"wp:term":[{"taxonomy":"category","embeddable":true,"href":"https:\/\/www.kle-blatt.de\/blog\/wp-json\/wp\/v2\/categories?post=21835"},{"taxonomy":"post_tag","embeddable":true,"href":"https:\/\/www.kle-blatt.de\/blog\/wp-json\/wp\/v2\/tags?post=21835"}],"curies":[{"name":"wp","href":"https:\/\/api.w.org\/{rel}","templated":true}]}}