{"id":21841,"date":"2023-08-25T06:00:50","date_gmt":"2023-08-25T04:00:50","guid":{"rendered":"http:\/\/www.kle-blatt.de\/blog\/?p=21841"},"modified":"2023-07-16T12:31:14","modified_gmt":"2023-07-16T10:31:14","slug":"ein-blick-durch-die-grosse-strasse-in-cleve","status":"publish","type":"post","link":"https:\/\/www.kle-blatt.de\/blog\/kleve-in-foto-video\/ein-blick-durch-die-grosse-strasse-in-cleve.html","title":{"rendered":"Ein Blick durch die Gro\u00dfe Stra\u00dfe in Cleve"},"content":{"rendered":"<p><strong>Ein Blick durch die Gro\u00dfe Stra\u00dfe in Cleve<\/strong><\/p>\n<p>Links das Gesch\u00e4ft von Sally Mildenberg, dahinter mit dem Turm die Evangelische Kirche und rechts das Restaurant Kaiserhof mit dem markanten Erker der damals beliebten Weinstube. Die Menschen waren zu dieser Zeit &#8211; etwa Mitte der Zwanziger Jahre &#8211; noch nicht so an Fotografen und Fotografieren gew\u00f6hnt. Daher schauen sie alle interessiert zu dem Mann mit dem dreibeinigen Holzgestell und dem schwarzen Tuch \u00fcber dem Kopf, was er wohl anstellen m\u00f6ge.<\/p>\n<p><img loading=\"lazy\" decoding=\"async\" class=\"size-full wp-image-21842 aligncenter\" src=\"https:\/\/www.kle-blatt.de\/blog\/wp-content\/uploads\/2017\/07\/gro\u00dfe.jpg\" alt=\"Ein Blick durch die Gro\u00dfe Stra\u00dfe in Cleve\" width=\"850\" height=\"590\" srcset=\"https:\/\/www.kle-blatt.de\/blog\/wp-content\/uploads\/2017\/07\/gro\u00dfe.jpg 850w, https:\/\/www.kle-blatt.de\/blog\/wp-content\/uploads\/2017\/07\/gro\u00dfe-300x208.jpg 300w, https:\/\/www.kle-blatt.de\/blog\/wp-content\/uploads\/2017\/07\/gro\u00dfe-768x533.jpg 768w\" sizes=\"auto, (max-width: 850px) 100vw, 850px\" \/><\/p>\n","protected":false},"excerpt":{"rendered":"<p>Ein Blick durch die Gro\u00dfe Stra\u00dfe in Cleve Links das Gesch\u00e4ft von Sally Mildenberg, dahinter mit dem Turm die Evangelische &hellip; <a href=\"https:\/\/www.kle-blatt.de\/blog\/kleve-in-foto-video\/ein-blick-durch-die-grosse-strasse-in-cleve.html\" class=\"more-link\"><span class=\"more-button\">Weiterlesen<span class=\"screen-reader-text\">Ein Blick durch die Gro\u00dfe Stra\u00dfe in Cleve<\/span><\/span><\/a><\/p>\n","protected":false},"author":2,"featured_media":21842,"comment_status":"open","ping_status":"closed","sticky":false,"template":"","format":"standard","meta":{"footnotes":""},"categories":[3],"tags":[4501],"class_list":["post-21841","post","type-post","status-publish","format-standard","has-post-thumbnail","hentry","category-kleve-in-foto-video","tag-ein-blick-durch-die-grosse-strasse-in-cleve"],"_links":{"self":[{"href":"https:\/\/www.kle-blatt.de\/blog\/wp-json\/wp\/v2\/posts\/21841","targetHints":{"allow":["GET"]}}],"collection":[{"href":"https:\/\/www.kle-blatt.de\/blog\/wp-json\/wp\/v2\/posts"}],"about":[{"href":"https:\/\/www.kle-blatt.de\/blog\/wp-json\/wp\/v2\/types\/post"}],"author":[{"embeddable":true,"href":"https:\/\/www.kle-blatt.de\/blog\/wp-json\/wp\/v2\/users\/2"}],"replies":[{"embeddable":true,"href":"https:\/\/www.kle-blatt.de\/blog\/wp-json\/wp\/v2\/comments?post=21841"}],"version-history":[{"count":2,"href":"https:\/\/www.kle-blatt.de\/blog\/wp-json\/wp\/v2\/posts\/21841\/revisions"}],"predecessor-version":[{"id":32454,"href":"https:\/\/www.kle-blatt.de\/blog\/wp-json\/wp\/v2\/posts\/21841\/revisions\/32454"}],"wp:featuredmedia":[{"embeddable":true,"href":"https:\/\/www.kle-blatt.de\/blog\/wp-json\/wp\/v2\/media\/21842"}],"wp:attachment":[{"href":"https:\/\/www.kle-blatt.de\/blog\/wp-json\/wp\/v2\/media?parent=21841"}],"wp:term":[{"taxonomy":"category","embeddable":true,"href":"https:\/\/www.kle-blatt.de\/blog\/wp-json\/wp\/v2\/categories?post=21841"},{"taxonomy":"post_tag","embeddable":true,"href":"https:\/\/www.kle-blatt.de\/blog\/wp-json\/wp\/v2\/tags?post=21841"}],"curies":[{"name":"wp","href":"https:\/\/api.w.org\/{rel}","templated":true}]}}