{"id":21968,"date":"2022-09-18T06:00:09","date_gmt":"2022-09-18T04:00:09","guid":{"rendered":"http:\/\/www.kle-blatt.de\/blog\/?p=21968"},"modified":"2022-08-29T11:41:55","modified_gmt":"2022-08-29T09:41:55","slug":"stellensuchende-beim-klever-arbeitsamt","status":"publish","type":"post","link":"https:\/\/www.kle-blatt.de\/blog\/kleve-in-foto-video\/stellensuchende-beim-klever-arbeitsamt.html","title":{"rendered":"Stellensuchende beim Klever Arbeitsamt"},"content":{"rendered":"<p><strong>Stellensuchende beim Klever Arbeitsamt<\/strong><\/p>\n<p>So sah es Anfang der F\u00fcnfziger Jahren im Arbeitsamt Kleve aus. Endloses Gedr\u00e4nge, um einen der interessanteren Jobs zu ergattern, die damals noch nicht so zahlreich angeboten wurden. Das \u00e4nderte sich allerdings sehr schnell, so das auch in Kleve Gastarbeiter aus Italien, Griechenland etc. gesucht wurden und sehr schnell Vollbesch\u00e4ftigung einzog. Der Beginn des Wirtschaftswunders.<\/p>\n<p><img loading=\"lazy\" decoding=\"async\" class=\"size-full wp-image-21969 aligncenter\" src=\"https:\/\/www.kle-blatt.de\/blog\/wp-content\/uploads\/2017\/08\/000-arbeitsamt-50er-jobsuche-reiner-grun.jpg\" alt=\"Stellensuchende beim Klever Arbeitsamt\" width=\"850\" height=\"527\" \/><br \/>\n(Foto gezeigt von Reiner Grun)<\/p>\n","protected":false},"excerpt":{"rendered":"<p>Stellensuchende beim Klever Arbeitsamt So sah es Anfang der F\u00fcnfziger Jahren im Arbeitsamt Kleve aus. Endloses Gedr\u00e4nge, um einen der &hellip; <a href=\"https:\/\/www.kle-blatt.de\/blog\/kleve-in-foto-video\/stellensuchende-beim-klever-arbeitsamt.html\" class=\"more-link\"><span class=\"more-button\">Weiterlesen<span class=\"screen-reader-text\">Stellensuchende beim Klever Arbeitsamt<\/span><\/span><\/a><\/p>\n","protected":false},"author":2,"featured_media":21969,"comment_status":"open","ping_status":"closed","sticky":false,"template":"","format":"standard","meta":{"footnotes":""},"categories":[3],"tags":[4512],"class_list":["post-21968","post","type-post","status-publish","format-standard","has-post-thumbnail","hentry","category-kleve-in-foto-video","tag-stellensuchende-beim-klever-arbeitsamt"],"_links":{"self":[{"href":"https:\/\/www.kle-blatt.de\/blog\/wp-json\/wp\/v2\/posts\/21968","targetHints":{"allow":["GET"]}}],"collection":[{"href":"https:\/\/www.kle-blatt.de\/blog\/wp-json\/wp\/v2\/posts"}],"about":[{"href":"https:\/\/www.kle-blatt.de\/blog\/wp-json\/wp\/v2\/types\/post"}],"author":[{"embeddable":true,"href":"https:\/\/www.kle-blatt.de\/blog\/wp-json\/wp\/v2\/users\/2"}],"replies":[{"embeddable":true,"href":"https:\/\/www.kle-blatt.de\/blog\/wp-json\/wp\/v2\/comments?post=21968"}],"version-history":[{"count":1,"href":"https:\/\/www.kle-blatt.de\/blog\/wp-json\/wp\/v2\/posts\/21968\/revisions"}],"predecessor-version":[{"id":30933,"href":"https:\/\/www.kle-blatt.de\/blog\/wp-json\/wp\/v2\/posts\/21968\/revisions\/30933"}],"wp:featuredmedia":[{"embeddable":true,"href":"https:\/\/www.kle-blatt.de\/blog\/wp-json\/wp\/v2\/media\/21969"}],"wp:attachment":[{"href":"https:\/\/www.kle-blatt.de\/blog\/wp-json\/wp\/v2\/media?parent=21968"}],"wp:term":[{"taxonomy":"category","embeddable":true,"href":"https:\/\/www.kle-blatt.de\/blog\/wp-json\/wp\/v2\/categories?post=21968"},{"taxonomy":"post_tag","embeddable":true,"href":"https:\/\/www.kle-blatt.de\/blog\/wp-json\/wp\/v2\/tags?post=21968"}],"curies":[{"name":"wp","href":"https:\/\/api.w.org\/{rel}","templated":true}]}}