{"id":21989,"date":"2022-09-21T06:00:57","date_gmt":"2022-09-21T04:00:57","guid":{"rendered":"http:\/\/www.kle-blatt.de\/blog\/?p=21989"},"modified":"2022-08-29T11:45:05","modified_gmt":"2022-08-29T09:45:05","slug":"geschaefte-in-der-kirchstrasse-von-kleve","status":"publish","type":"post","link":"https:\/\/www.kle-blatt.de\/blog\/kleve-in-foto-video\/aus-dem-privatalbum\/geschaefte-in-der-kirchstrasse-von-kleve.html","title":{"rendered":"Gesch\u00e4fte in der Kirchstra\u00dfe von Kleve"},"content":{"rendered":"<p><strong>Gesch\u00e4fte in der Kirchstra\u00dfe von Kleve<\/strong><\/p>\n<p>Zur Zeit, als dieses Bild entstand, gab es noch das M\u00f6belhaus Craemer und links davor u.a eine Zweigstelle des ADAC. Rechts sehen wir die Fensterfront des Juweliers Knops, dar\u00fcber N\u00e4hmaschinen Pfaff und im weiteren Verlauf die R\u00fcckseite der Stechbahn-Apotheke. Ganz oben am Kleinen Markt befand sich die Disko Old Grany&#8217;s Saloon.<\/p>\n<p><img loading=\"lazy\" decoding=\"async\" class=\"size-full wp-image-21990 aligncenter\" src=\"https:\/\/www.kle-blatt.de\/blog\/wp-content\/uploads\/2017\/08\/oberstadt-84-2-helmut-Engel.jpg\" alt=\"Gesch\u00e4fte in der Kirchstra\u00dfe von Kleve\" width=\"850\" height=\"671\" \/><br \/>\n(Foto: Helmut Engel)<\/p>\n","protected":false},"excerpt":{"rendered":"<p>Gesch\u00e4fte in der Kirchstra\u00dfe von Kleve Zur Zeit, als dieses Bild entstand, gab es noch das M\u00f6belhaus Craemer und links &hellip; <a href=\"https:\/\/www.kle-blatt.de\/blog\/kleve-in-foto-video\/aus-dem-privatalbum\/geschaefte-in-der-kirchstrasse-von-kleve.html\" class=\"more-link\"><span class=\"more-button\">Weiterlesen<span class=\"screen-reader-text\">Gesch\u00e4fte in der Kirchstra\u00dfe von Kleve<\/span><\/span><\/a><\/p>\n","protected":false},"author":2,"featured_media":21990,"comment_status":"open","ping_status":"closed","sticky":false,"template":"","format":"standard","meta":{"footnotes":""},"categories":[20],"tags":[4519],"class_list":["post-21989","post","type-post","status-publish","format-standard","has-post-thumbnail","hentry","category-aus-dem-privatalbum","tag-geschaefte-in-der-kirchstrasse-von-kleve"],"_links":{"self":[{"href":"https:\/\/www.kle-blatt.de\/blog\/wp-json\/wp\/v2\/posts\/21989","targetHints":{"allow":["GET"]}}],"collection":[{"href":"https:\/\/www.kle-blatt.de\/blog\/wp-json\/wp\/v2\/posts"}],"about":[{"href":"https:\/\/www.kle-blatt.de\/blog\/wp-json\/wp\/v2\/types\/post"}],"author":[{"embeddable":true,"href":"https:\/\/www.kle-blatt.de\/blog\/wp-json\/wp\/v2\/users\/2"}],"replies":[{"embeddable":true,"href":"https:\/\/www.kle-blatt.de\/blog\/wp-json\/wp\/v2\/comments?post=21989"}],"version-history":[{"count":2,"href":"https:\/\/www.kle-blatt.de\/blog\/wp-json\/wp\/v2\/posts\/21989\/revisions"}],"predecessor-version":[{"id":30937,"href":"https:\/\/www.kle-blatt.de\/blog\/wp-json\/wp\/v2\/posts\/21989\/revisions\/30937"}],"wp:featuredmedia":[{"embeddable":true,"href":"https:\/\/www.kle-blatt.de\/blog\/wp-json\/wp\/v2\/media\/21990"}],"wp:attachment":[{"href":"https:\/\/www.kle-blatt.de\/blog\/wp-json\/wp\/v2\/media?parent=21989"}],"wp:term":[{"taxonomy":"category","embeddable":true,"href":"https:\/\/www.kle-blatt.de\/blog\/wp-json\/wp\/v2\/categories?post=21989"},{"taxonomy":"post_tag","embeddable":true,"href":"https:\/\/www.kle-blatt.de\/blog\/wp-json\/wp\/v2\/tags?post=21989"}],"curies":[{"name":"wp","href":"https:\/\/api.w.org\/{rel}","templated":true}]}}