{"id":21992,"date":"2022-09-22T05:05:58","date_gmt":"2022-09-22T03:05:58","guid":{"rendered":"http:\/\/www.kle-blatt.de\/blog\/?p=21992"},"modified":"2022-08-26T11:41:18","modified_gmt":"2022-08-26T09:41:18","slug":"125-jahre-einrichtungshaus-rexing-in-kleve","status":"publish","type":"post","link":"https:\/\/www.kle-blatt.de\/blog\/kleve-in-foto-video\/aus-dem-privatalbum\/125-jahre-einrichtungshaus-rexing-in-kleve.html","title":{"rendered":"130 Jahre Einrichtungshaus Rexing in Kleve"},"content":{"rendered":"<p><strong>130 Jahre Einrichtungshaus Rexing in Kleve<\/strong><\/p>\n<p>In diesem Jahr feiert die Stadt Kleve das 780. Stadtjubil\u00e4um. Vor 130 Jahren, als Kleve das 650. Stadtjubil\u00e4um feierte, er\u00f6ffnete Johann Rexing in der Hagschen Stra\u00dfe sein M\u00f6belgesch\u00e4ft mit angeschlossener Schreinerei in Kleve. Es war im Jahr <strong>1892<\/strong>, dass der junge Schreinermeister der Liebe wegen von Bocholt nach Kleve zog, um dort zusammen mit seiner Klever Frau ein M\u00f6belhaus zu er\u00f6ffnen. Kleve geh\u00f6rte damals zu Preu\u00dfen und wurde von Kaiser Wilhelm ll regiert. In den Niederlanden regierte K\u00f6nigin Wilhelmina und im Vereinigten K\u00f6nigreich regierte noch Queen Victoria. 1904 wurde das Gesch\u00e4ftshaus an der Kavarinerstrasse fertig gestellt, ein f\u00fcr damalige Verh\u00e4ltnisse moderner Jugendstil Bau mit einem gro\u00dfen runden Schaufenster \u00fcber 2 Etagen wo bis heute die Qualit\u00e4tsm\u00f6bel von Rexing zu finden sind. Aus &#8222;Johann Rexing &#8211; M\u00f6belfabrik&#8220; wurde nach dem 2. Weltkrieg &#8222;M\u00f6bel Rexing&#8220; und daraus wurde in den 80er Jahren das &#8222;Einrichtungshaus Rexing&#8220; wie es noch heute genannt wird. Wurden die M\u00f6bel anfangs \u00fcberwiegend in der eigenen Werkstatt hergestellt, so \u00fcberwog nach dem 2. Weltkrieg der Handel mit M\u00f6beln wobei Hans Rexing, die 3. Generation, in den 60er Jahren schon fr\u00fch zeitgem\u00e4\u00dfes, modernes M\u00f6beldesign von namhaften Herstellern nach Kleve brachte. Als \u00fcberall die wuchtigen M\u00f6bel des &#8222;Gelsenkirchener Barock&#8220; zu finden waren, pr\u00e4sentierte er schon wei\u00dfe Lackm\u00f6bel mit gradlinigen Formen sowie zierliche Polsterm\u00f6bel, die sp\u00e4ter oft zu Klassikern wurden, wie das erste moderne Sofa, die &#8222;Conseta&#8220; von COR (1964). Heute wird das M\u00f6belhaus von der Innenarchitektin Susanne Rexing in vierter Generation geleitet. Nach dem Abschluss ihres Innenarchitektur Studiums f\u00fcgte sie italienische Design-Highlights, ausgefallene Lampen, ausgesuchte Accessoires und moderne Kunst zu den klassischen M\u00f6beln hinzu. \u00dcber die Jahre hinweg wurde das alte Jugendstil Haus immer wieder erweitert, umgebaut und liebevoll restauriert, so dass der Charme des alten Geb\u00e4udes, welches sich \u00fcber 3 Etagen in den Hang hinein erstreckt, erhalten blieb. Der angebotene Planung-Service mit Ortstermin, ma\u00dfst\u00e4blichen Skizzen um die Einrichtungs &#8211; Ideen zu visualisieren sowie die Umsetzung durch das eigene Handwerker Team ist Deutschlandweit in dieser innenarchitektonischen Bandbreite nur selten zu finden. (Nat\u00fcrlich auch mehrsprachig in Niederl\u00e4ndisch oder Englisch) In 2016 wurde das Einrichtungshaus Rexing von der renommierten Zeitschrift &#8222;Architektur &amp; Wohnen&#8220; wieder als eines der 175 besten Einrichtungsh\u00e4user von insgesamt 8.800 in ganz Deutschland ausgezeichnet. Au\u00dferdem k\u00fcrte die Zeitschrift \u201eSch\u00f6ner Wohnen\u201c Rexing zu einem der \u201eTop Fachh\u00e4ndler\u201c 2017\/2018. In diesem Jahr, 2022, feiert das Gesch\u00e4ft sein <strong>130j\u00e4hriges Jubil\u00e4um<\/strong>.<br \/>\nDas Rexing Team ist auch ein Beispiel f\u00fcr &#8222;Frauen-Power&#8220;, nicht nur weil es Deutschlandweit nur etwa 8 M\u00f6belgesch\u00e4fte gibt, die von Innenarchitektinnen geleitet werden. Zwei Schreiner k\u00fcmmern sich um die fachm\u00e4nnische Montage der M\u00f6bel bei den Kunden, das restliche Team besteht aus Frauen.<\/p>\n<p>Mehr zu Rexing gibt es hier:<\/p>\n<p><a href=\"http:\/\/www.kle-blatt.de\/blog\/?s=rexing\"><span style=\"color: #ff0000;\"><strong>KLICK MICH!<\/strong><\/span><\/a><\/p>\n<p><a href=\"http:\/\/www.kle-blatt.de\/blog\/wp-content\/uploads\/2015\/04\/rexing.jpg\"><img loading=\"lazy\" decoding=\"async\" class=\"size-full wp-image-14806 aligncenter\" src=\"https:\/\/www.kle-blatt.de\/blog\/wp-content\/uploads\/2015\/04\/rexing.jpg\" alt=\"130 Jahre Einrichtungshaus Rexing in Kleve\" width=\"849\" height=\"574\" \/><\/a><br \/>\n(Foto: &#8222;Das Gesicht einer Stadt&#8220; &#8211; Erhaltenswerte Geb\u00e4ude in Kleve &#8211; Annegret Gossens)<\/p>\n","protected":false},"excerpt":{"rendered":"<p>130 Jahre Einrichtungshaus Rexing in Kleve In diesem Jahr feiert die Stadt Kleve das 780. Stadtjubil\u00e4um. Vor 130 Jahren, als &hellip; <a href=\"https:\/\/www.kle-blatt.de\/blog\/kleve-in-foto-video\/aus-dem-privatalbum\/125-jahre-einrichtungshaus-rexing-in-kleve.html\" class=\"more-link\"><span class=\"more-button\">Weiterlesen<span class=\"screen-reader-text\">130 Jahre Einrichtungshaus Rexing in Kleve<\/span><\/span><\/a><\/p>\n","protected":false},"author":2,"featured_media":14806,"comment_status":"open","ping_status":"closed","sticky":false,"template":"","format":"standard","meta":{"footnotes":""},"categories":[20],"tags":[4520],"class_list":["post-21992","post","type-post","status-publish","format-standard","has-post-thumbnail","hentry","category-aus-dem-privatalbum","tag-125-jahre-einrichtungshaus-rexing-in-kleve"],"_links":{"self":[{"href":"https:\/\/www.kle-blatt.de\/blog\/wp-json\/wp\/v2\/posts\/21992","targetHints":{"allow":["GET"]}}],"collection":[{"href":"https:\/\/www.kle-blatt.de\/blog\/wp-json\/wp\/v2\/posts"}],"about":[{"href":"https:\/\/www.kle-blatt.de\/blog\/wp-json\/wp\/v2\/types\/post"}],"author":[{"embeddable":true,"href":"https:\/\/www.kle-blatt.de\/blog\/wp-json\/wp\/v2\/users\/2"}],"replies":[{"embeddable":true,"href":"https:\/\/www.kle-blatt.de\/blog\/wp-json\/wp\/v2\/comments?post=21992"}],"version-history":[{"count":2,"href":"https:\/\/www.kle-blatt.de\/blog\/wp-json\/wp\/v2\/posts\/21992\/revisions"}],"predecessor-version":[{"id":30908,"href":"https:\/\/www.kle-blatt.de\/blog\/wp-json\/wp\/v2\/posts\/21992\/revisions\/30908"}],"wp:featuredmedia":[{"embeddable":true,"href":"https:\/\/www.kle-blatt.de\/blog\/wp-json\/wp\/v2\/media\/14806"}],"wp:attachment":[{"href":"https:\/\/www.kle-blatt.de\/blog\/wp-json\/wp\/v2\/media?parent=21992"}],"wp:term":[{"taxonomy":"category","embeddable":true,"href":"https:\/\/www.kle-blatt.de\/blog\/wp-json\/wp\/v2\/categories?post=21992"},{"taxonomy":"post_tag","embeddable":true,"href":"https:\/\/www.kle-blatt.de\/blog\/wp-json\/wp\/v2\/tags?post=21992"}],"curies":[{"name":"wp","href":"https:\/\/api.w.org\/{rel}","templated":true}]}}