{"id":22101,"date":"2024-10-28T07:10:32","date_gmt":"2024-10-28T05:10:32","guid":{"rendered":"http:\/\/www.kle-blatt.de\/blog\/?p=22101"},"modified":"2024-08-22T12:33:48","modified_gmt":"2024-08-22T10:33:48","slug":"zwoelf-uhr-mittags-in-kleve","status":"publish","type":"post","link":"https:\/\/www.kle-blatt.de\/blog\/kleve-in-foto-video\/zwoelf-uhr-mittags-in-kleve.html","title":{"rendered":"Schau mal: Zw\u00f6lf Uhr mittags&#8230;in Kleve"},"content":{"rendered":"<p><strong>Schau mal: Zw\u00f6lf Uhr mittags&#8230;in Kleve<\/strong><\/p>\n<p>Die Uhr auf der Schwanenburg zeigt Schlag Zw\u00f6lf auf diesem Bild von 1904. Kinder spielen auf der B\u00f6schung des Kermisdahl. Doch Mutter n\u00e4hert sich bereits im Hintergrund. \ud83d\ude42<\/p>\n<p><img loading=\"lazy\" decoding=\"async\" class=\"size-full wp-image-22102 aligncenter\" src=\"https:\/\/www.kle-blatt.de\/blog\/wp-content\/uploads\/2017\/09\/cleve-1904-dieter-borrmann.jpg\" alt=\"Schau mal: Zw\u00f6lf Uhr mittags...in Kleve\" width=\"850\" height=\"626\" srcset=\"https:\/\/www.kle-blatt.de\/blog\/wp-content\/uploads\/2017\/09\/cleve-1904-dieter-borrmann.jpg 850w, https:\/\/www.kle-blatt.de\/blog\/wp-content\/uploads\/2017\/09\/cleve-1904-dieter-borrmann-300x221.jpg 300w, https:\/\/www.kle-blatt.de\/blog\/wp-content\/uploads\/2017\/09\/cleve-1904-dieter-borrmann-768x566.jpg 768w\" sizes=\"auto, (max-width: 850px) 100vw, 850px\" \/>(Foto gezeigt von Dieter Borrmann)<\/p>\n","protected":false},"excerpt":{"rendered":"<p>Schau mal: Zw\u00f6lf Uhr mittags&#8230;in Kleve Die Uhr auf der Schwanenburg zeigt Schlag Zw\u00f6lf auf diesem Bild von 1904. Kinder &hellip; <a href=\"https:\/\/www.kle-blatt.de\/blog\/kleve-in-foto-video\/zwoelf-uhr-mittags-in-kleve.html\" class=\"more-link\"><span class=\"more-button\">Weiterlesen<span class=\"screen-reader-text\">Schau mal: Zw\u00f6lf Uhr mittags&#8230;in Kleve<\/span><\/span><\/a><\/p>\n","protected":false},"author":2,"featured_media":22102,"comment_status":"closed","ping_status":"closed","sticky":false,"template":"","format":"standard","meta":{"footnotes":""},"categories":[3],"tags":[4522],"class_list":["post-22101","post","type-post","status-publish","format-standard","has-post-thumbnail","hentry","category-kleve-in-foto-video","tag-zwoelf-uhr-mittags-in-kleve"],"_links":{"self":[{"href":"https:\/\/www.kle-blatt.de\/blog\/wp-json\/wp\/v2\/posts\/22101","targetHints":{"allow":["GET"]}}],"collection":[{"href":"https:\/\/www.kle-blatt.de\/blog\/wp-json\/wp\/v2\/posts"}],"about":[{"href":"https:\/\/www.kle-blatt.de\/blog\/wp-json\/wp\/v2\/types\/post"}],"author":[{"embeddable":true,"href":"https:\/\/www.kle-blatt.de\/blog\/wp-json\/wp\/v2\/users\/2"}],"replies":[{"embeddable":true,"href":"https:\/\/www.kle-blatt.de\/blog\/wp-json\/wp\/v2\/comments?post=22101"}],"version-history":[{"count":2,"href":"https:\/\/www.kle-blatt.de\/blog\/wp-json\/wp\/v2\/posts\/22101\/revisions"}],"predecessor-version":[{"id":27708,"href":"https:\/\/www.kle-blatt.de\/blog\/wp-json\/wp\/v2\/posts\/22101\/revisions\/27708"}],"wp:featuredmedia":[{"embeddable":true,"href":"https:\/\/www.kle-blatt.de\/blog\/wp-json\/wp\/v2\/media\/22102"}],"wp:attachment":[{"href":"https:\/\/www.kle-blatt.de\/blog\/wp-json\/wp\/v2\/media?parent=22101"}],"wp:term":[{"taxonomy":"category","embeddable":true,"href":"https:\/\/www.kle-blatt.de\/blog\/wp-json\/wp\/v2\/categories?post=22101"},{"taxonomy":"post_tag","embeddable":true,"href":"https:\/\/www.kle-blatt.de\/blog\/wp-json\/wp\/v2\/tags?post=22101"}],"curies":[{"name":"wp","href":"https:\/\/api.w.org\/{rel}","templated":true}]}}