{"id":22134,"date":"2024-10-23T07:10:26","date_gmt":"2024-10-23T05:10:26","guid":{"rendered":"http:\/\/www.kle-blatt.de\/blog\/?p=22134"},"modified":"2024-08-22T12:37:22","modified_gmt":"2024-08-22T10:37:22","slug":"der-bau-der-fussgaengerzone-in-kleve","status":"publish","type":"post","link":"https:\/\/www.kle-blatt.de\/blog\/kleve-in-foto-video\/aus-dem-privatalbum\/der-bau-der-fussgaengerzone-in-kleve.html","title":{"rendered":"Dabei gewesen? Der Bau der Fu\u00dfg\u00e4ngerzone in Kleve"},"content":{"rendered":"<p><strong>Dabei gewesen? Der Bau der Fu\u00dfg\u00e4ngerzone in Kleve<\/strong><\/p>\n<p>Erinnerst Du Dich noch? Die damals noch viel befahrene Gro\u00dfe Stra\u00dfe vor dem Kaufhof erhielt zu dieser Zeit eine Pflasterung und wurde zur Fu\u00dfg\u00e4ngerzone. Ein Anblick, der noch Gesch\u00e4fte zeigt, die dort heute nicht mehr ans\u00e4ssig sind wie Biba, Allianz, Hussel etc.<\/p>\n<p><img loading=\"lazy\" decoding=\"async\" class=\"size-full wp-image-22135 aligncenter\" src=\"https:\/\/www.kle-blatt.de\/blog\/wp-content\/uploads\/2017\/09\/fu\u00dfg\u00e4ngerzone1-bernhard-siebers.jpg\" alt=\"Der Bau der Fu\u00dfg\u00e4ngerzone in Kleve\" width=\"850\" height=\"569\" srcset=\"https:\/\/www.kle-blatt.de\/blog\/wp-content\/uploads\/2017\/09\/fu\u00dfg\u00e4ngerzone1-bernhard-siebers.jpg 850w, https:\/\/www.kle-blatt.de\/blog\/wp-content\/uploads\/2017\/09\/fu\u00dfg\u00e4ngerzone1-bernhard-siebers-300x200.jpg 300w, https:\/\/www.kle-blatt.de\/blog\/wp-content\/uploads\/2017\/09\/fu\u00dfg\u00e4ngerzone1-bernhard-siebers-768x514.jpg 768w\" sizes=\"auto, (max-width: 850px) 100vw, 850px\" \/><br \/>\n(Foto: Bernhard Siebers)<\/p>\n","protected":false},"excerpt":{"rendered":"<p>Dabei gewesen? Der Bau der Fu\u00dfg\u00e4ngerzone in Kleve Erinnerst Du Dich noch? Die damals noch viel befahrene Gro\u00dfe Stra\u00dfe vor &hellip; <a href=\"https:\/\/www.kle-blatt.de\/blog\/kleve-in-foto-video\/aus-dem-privatalbum\/der-bau-der-fussgaengerzone-in-kleve.html\" class=\"more-link\"><span class=\"more-button\">Weiterlesen<span class=\"screen-reader-text\">Dabei gewesen? Der Bau der Fu\u00dfg\u00e4ngerzone in Kleve<\/span><\/span><\/a><\/p>\n","protected":false},"author":2,"featured_media":22135,"comment_status":"closed","ping_status":"closed","sticky":false,"template":"","format":"standard","meta":{"footnotes":""},"categories":[20],"tags":[4528],"class_list":["post-22134","post","type-post","status-publish","format-standard","has-post-thumbnail","hentry","category-aus-dem-privatalbum","tag-bau-der-fussgaengerzone-in-kleve"],"_links":{"self":[{"href":"https:\/\/www.kle-blatt.de\/blog\/wp-json\/wp\/v2\/posts\/22134","targetHints":{"allow":["GET"]}}],"collection":[{"href":"https:\/\/www.kle-blatt.de\/blog\/wp-json\/wp\/v2\/posts"}],"about":[{"href":"https:\/\/www.kle-blatt.de\/blog\/wp-json\/wp\/v2\/types\/post"}],"author":[{"embeddable":true,"href":"https:\/\/www.kle-blatt.de\/blog\/wp-json\/wp\/v2\/users\/2"}],"replies":[{"embeddable":true,"href":"https:\/\/www.kle-blatt.de\/blog\/wp-json\/wp\/v2\/comments?post=22134"}],"version-history":[{"count":2,"href":"https:\/\/www.kle-blatt.de\/blog\/wp-json\/wp\/v2\/posts\/22134\/revisions"}],"predecessor-version":[{"id":27704,"href":"https:\/\/www.kle-blatt.de\/blog\/wp-json\/wp\/v2\/posts\/22134\/revisions\/27704"}],"wp:featuredmedia":[{"embeddable":true,"href":"https:\/\/www.kle-blatt.de\/blog\/wp-json\/wp\/v2\/media\/22135"}],"wp:attachment":[{"href":"https:\/\/www.kle-blatt.de\/blog\/wp-json\/wp\/v2\/media?parent=22134"}],"wp:term":[{"taxonomy":"category","embeddable":true,"href":"https:\/\/www.kle-blatt.de\/blog\/wp-json\/wp\/v2\/categories?post=22134"},{"taxonomy":"post_tag","embeddable":true,"href":"https:\/\/www.kle-blatt.de\/blog\/wp-json\/wp\/v2\/tags?post=22134"}],"curies":[{"name":"wp","href":"https:\/\/api.w.org\/{rel}","templated":true}]}}