{"id":22703,"date":"2024-02-25T06:00:08","date_gmt":"2024-02-25T04:00:08","guid":{"rendered":"http:\/\/www.kle-blatt.de\/blog\/?p=22703"},"modified":"2024-01-03T15:50:36","modified_gmt":"2024-01-03T13:50:36","slug":"abwesenheit-im-klever-gericht","status":"publish","type":"post","link":"https:\/\/www.kle-blatt.de\/blog\/kleve-in-foto-video\/aus-dem-privatalbum\/abwesenheit-im-klever-gericht.html","title":{"rendered":"Abwesenheit im Klever Gericht"},"content":{"rendered":"<p><strong>Abwesenheit im Klever Gericht<\/strong><\/p>\n<p>&#8222;Kurze Abwesenheit&#8220;. So steht es auf dem kleinen Schild an der T\u00fcr der Gerichtszahlstelle des Amtsgerichts von Kleve. Das Bild entstand zu Zeiten, als der Zigaretten-Automat noch \u00fcberall in Reichweite war und man in geschlossenen R\u00e4umen noch ungehindert seinen Tabak-Qualm in die Luft blasen konnte. Nette Erinnerung.<\/p>\n<p><img loading=\"lazy\" decoding=\"async\" class=\"size-full wp-image-22704 aligncenter\" src=\"https:\/\/www.kle-blatt.de\/blog\/wp-content\/uploads\/2018\/01\/kurze-abwesenheit.jpg\" alt=\"Abwesenheit im Klever Gericht\" width=\"850\" height=\"584\" \/><br \/>\n(Foto: Alfred Derks)<\/p>\n","protected":false},"excerpt":{"rendered":"<p>Abwesenheit im Klever Gericht &#8222;Kurze Abwesenheit&#8220;. So steht es auf dem kleinen Schild an der T\u00fcr der Gerichtszahlstelle des Amtsgerichts &hellip; <a href=\"https:\/\/www.kle-blatt.de\/blog\/kleve-in-foto-video\/aus-dem-privatalbum\/abwesenheit-im-klever-gericht.html\" class=\"more-link\"><span class=\"more-button\">Weiterlesen<span class=\"screen-reader-text\">Abwesenheit im Klever Gericht<\/span><\/span><\/a><\/p>\n","protected":false},"author":2,"featured_media":22704,"comment_status":"closed","ping_status":"closed","sticky":false,"template":"","format":"standard","meta":{"footnotes":""},"categories":[20,3],"tags":[],"class_list":["post-22703","post","type-post","status-publish","format-standard","has-post-thumbnail","hentry","category-aus-dem-privatalbum","category-kleve-in-foto-video"],"_links":{"self":[{"href":"https:\/\/www.kle-blatt.de\/blog\/wp-json\/wp\/v2\/posts\/22703","targetHints":{"allow":["GET"]}}],"collection":[{"href":"https:\/\/www.kle-blatt.de\/blog\/wp-json\/wp\/v2\/posts"}],"about":[{"href":"https:\/\/www.kle-blatt.de\/blog\/wp-json\/wp\/v2\/types\/post"}],"author":[{"embeddable":true,"href":"https:\/\/www.kle-blatt.de\/blog\/wp-json\/wp\/v2\/users\/2"}],"replies":[{"embeddable":true,"href":"https:\/\/www.kle-blatt.de\/blog\/wp-json\/wp\/v2\/comments?post=22703"}],"version-history":[{"count":2,"href":"https:\/\/www.kle-blatt.de\/blog\/wp-json\/wp\/v2\/posts\/22703\/revisions"}],"predecessor-version":[{"id":33200,"href":"https:\/\/www.kle-blatt.de\/blog\/wp-json\/wp\/v2\/posts\/22703\/revisions\/33200"}],"wp:featuredmedia":[{"embeddable":true,"href":"https:\/\/www.kle-blatt.de\/blog\/wp-json\/wp\/v2\/media\/22704"}],"wp:attachment":[{"href":"https:\/\/www.kle-blatt.de\/blog\/wp-json\/wp\/v2\/media?parent=22703"}],"wp:term":[{"taxonomy":"category","embeddable":true,"href":"https:\/\/www.kle-blatt.de\/blog\/wp-json\/wp\/v2\/categories?post=22703"},{"taxonomy":"post_tag","embeddable":true,"href":"https:\/\/www.kle-blatt.de\/blog\/wp-json\/wp\/v2\/tags?post=22703"}],"curies":[{"name":"wp","href":"https:\/\/api.w.org\/{rel}","templated":true}]}}