{"id":22706,"date":"2024-02-24T06:00:49","date_gmt":"2024-02-24T04:00:49","guid":{"rendered":"http:\/\/www.kle-blatt.de\/blog\/?p=22706"},"modified":"2024-01-03T15:38:43","modified_gmt":"2024-01-03T13:38:43","slug":"kennst-du-noch-die-hafenschaenke","status":"publish","type":"post","link":"https:\/\/www.kle-blatt.de\/blog\/kleve-in-foto-video\/kennst-du-noch-die-hafenschaenke.html","title":{"rendered":"Kennst Du noch die Hafensch\u00e4nke?"},"content":{"rendered":"<p><strong>Kennst Du noch die Hafensch\u00e4nke?<\/strong><\/p>\n<p>Das Geb\u00e4ude stand auf der Ecke Hafenstra\u00dfe \/ Ludwig-Jahn-Stra\u00dfe. Dort stehen heutzutage Ausstellungsst\u00fccke der Firma Holzland Dorsemagen.<\/p>\n<p><img loading=\"lazy\" decoding=\"async\" class=\"size-full wp-image-22707 aligncenter\" src=\"https:\/\/www.kle-blatt.de\/blog\/wp-content\/uploads\/2018\/01\/hafensch\u00e4nke-peter-nengel.jpg\" alt=\"Kennst Du noch die Hafensch\u00e4nke?\" width=\"850\" height=\"618\" srcset=\"https:\/\/www.kle-blatt.de\/blog\/wp-content\/uploads\/2018\/01\/hafensch\u00e4nke-peter-nengel.jpg 850w, https:\/\/www.kle-blatt.de\/blog\/wp-content\/uploads\/2018\/01\/hafensch\u00e4nke-peter-nengel-300x218.jpg 300w, https:\/\/www.kle-blatt.de\/blog\/wp-content\/uploads\/2018\/01\/hafensch\u00e4nke-peter-nengel-768x558.jpg 768w\" sizes=\"auto, (max-width: 850px) 100vw, 850px\" \/><br \/>\n(Foto gezeigt von Peter Nengel)<\/p>\n","protected":false},"excerpt":{"rendered":"<p>Kennst Du noch die Hafensch\u00e4nke? Das Geb\u00e4ude stand auf der Ecke Hafenstra\u00dfe \/ Ludwig-Jahn-Stra\u00dfe. Dort stehen heutzutage Ausstellungsst\u00fccke der Firma &hellip; <a href=\"https:\/\/www.kle-blatt.de\/blog\/kleve-in-foto-video\/kennst-du-noch-die-hafenschaenke.html\" class=\"more-link\"><span class=\"more-button\">Weiterlesen<span class=\"screen-reader-text\">Kennst Du noch die Hafensch\u00e4nke?<\/span><\/span><\/a><\/p>\n","protected":false},"author":2,"featured_media":22707,"comment_status":"closed","ping_status":"closed","sticky":false,"template":"","format":"standard","meta":{"footnotes":""},"categories":[3],"tags":[4571],"class_list":["post-22706","post","type-post","status-publish","format-standard","has-post-thumbnail","hentry","category-kleve-in-foto-video","tag-kennst-du-noch-die-hafenschaenke"],"_links":{"self":[{"href":"https:\/\/www.kle-blatt.de\/blog\/wp-json\/wp\/v2\/posts\/22706","targetHints":{"allow":["GET"]}}],"collection":[{"href":"https:\/\/www.kle-blatt.de\/blog\/wp-json\/wp\/v2\/posts"}],"about":[{"href":"https:\/\/www.kle-blatt.de\/blog\/wp-json\/wp\/v2\/types\/post"}],"author":[{"embeddable":true,"href":"https:\/\/www.kle-blatt.de\/blog\/wp-json\/wp\/v2\/users\/2"}],"replies":[{"embeddable":true,"href":"https:\/\/www.kle-blatt.de\/blog\/wp-json\/wp\/v2\/comments?post=22706"}],"version-history":[{"count":1,"href":"https:\/\/www.kle-blatt.de\/blog\/wp-json\/wp\/v2\/posts\/22706\/revisions"}],"predecessor-version":[{"id":33191,"href":"https:\/\/www.kle-blatt.de\/blog\/wp-json\/wp\/v2\/posts\/22706\/revisions\/33191"}],"wp:featuredmedia":[{"embeddable":true,"href":"https:\/\/www.kle-blatt.de\/blog\/wp-json\/wp\/v2\/media\/22707"}],"wp:attachment":[{"href":"https:\/\/www.kle-blatt.de\/blog\/wp-json\/wp\/v2\/media?parent=22706"}],"wp:term":[{"taxonomy":"category","embeddable":true,"href":"https:\/\/www.kle-blatt.de\/blog\/wp-json\/wp\/v2\/categories?post=22706"},{"taxonomy":"post_tag","embeddable":true,"href":"https:\/\/www.kle-blatt.de\/blog\/wp-json\/wp\/v2\/tags?post=22706"}],"curies":[{"name":"wp","href":"https:\/\/api.w.org\/{rel}","templated":true}]}}