{"id":22712,"date":"2024-02-04T07:10:12","date_gmt":"2024-02-04T05:10:12","guid":{"rendered":"http:\/\/www.kle-blatt.de\/blog\/?p=22712"},"modified":"2024-01-03T15:44:34","modified_gmt":"2024-01-03T13:44:34","slug":"ein-traditionelles-moebelhaus-in-kleve","status":"publish","type":"post","link":"https:\/\/www.kle-blatt.de\/blog\/kleve-in-foto-video\/aus-dem-privatalbum\/ein-traditionelles-moebelhaus-in-kleve.html","title":{"rendered":"Ein traditionelles M\u00f6belhaus in Kleve"},"content":{"rendered":"<p><strong>Ein traditionelles M\u00f6belhaus in Kleve<\/strong><\/p>\n<p>Zu diesem Bild kann man einem Klever wirklich nicht viel erz\u00e4hlen. Man kennt es einfach. Auch heute kann man sich noch in diesem bereits \u00fcber 125 Jahre existierenden Einrichtungshaus tolle moderne M\u00f6bel und interessantes Wohn-Zubeh\u00f6r anschauen, es erleben und nat\u00fcrlich auch erwerben. Hier ist das Ungew\u00f6hnliche und Ausgefallene nach wir vor Mittelpunkt der Gesch\u00e4fts-Philosophie.<br \/>\nHier gibt es mehr dazu:<\/p>\n<p><a href=\"http:\/\/kle-blatt.de\/einrichtungshaus-rexing\/\"><span style=\"color: #ff0000;\"><strong>KLICK MICH!<\/strong><\/span><\/a><\/p>\n<p><img loading=\"lazy\" decoding=\"async\" class=\"size-full wp-image-22713 aligncenter\" src=\"https:\/\/www.kle-blatt.de\/blog\/wp-content\/uploads\/2018\/01\/rexing-bertram-winterberg.jpg\" alt=\"Ein traditionelles M\u00f6belhaus in Kleve\" width=\"850\" height=\"615\" srcset=\"https:\/\/www.kle-blatt.de\/blog\/wp-content\/uploads\/2018\/01\/rexing-bertram-winterberg.jpg 850w, https:\/\/www.kle-blatt.de\/blog\/wp-content\/uploads\/2018\/01\/rexing-bertram-winterberg-300x217.jpg 300w, https:\/\/www.kle-blatt.de\/blog\/wp-content\/uploads\/2018\/01\/rexing-bertram-winterberg-768x556.jpg 768w\" sizes=\"auto, (max-width: 850px) 100vw, 850px\" \/><br \/>\n(Foto gezeigt von Bertram Winterberg)<\/p>\n","protected":false},"excerpt":{"rendered":"<p>Ein traditionelles M\u00f6belhaus in Kleve Zu diesem Bild kann man einem Klever wirklich nicht viel erz\u00e4hlen. Man kennt es einfach. &hellip; <a href=\"https:\/\/www.kle-blatt.de\/blog\/kleve-in-foto-video\/aus-dem-privatalbum\/ein-traditionelles-moebelhaus-in-kleve.html\" class=\"more-link\"><span class=\"more-button\">Weiterlesen<span class=\"screen-reader-text\">Ein traditionelles M\u00f6belhaus in Kleve<\/span><\/span><\/a><\/p>\n","protected":false},"author":2,"featured_media":22713,"comment_status":"closed","ping_status":"closed","sticky":false,"template":"","format":"standard","meta":{"footnotes":""},"categories":[20],"tags":[6024],"class_list":["post-22712","post","type-post","status-publish","format-standard","has-post-thumbnail","hentry","category-aus-dem-privatalbum","tag-ein-traditionelles-moebelhaus-in-kleve"],"_links":{"self":[{"href":"https:\/\/www.kle-blatt.de\/blog\/wp-json\/wp\/v2\/posts\/22712","targetHints":{"allow":["GET"]}}],"collection":[{"href":"https:\/\/www.kle-blatt.de\/blog\/wp-json\/wp\/v2\/posts"}],"about":[{"href":"https:\/\/www.kle-blatt.de\/blog\/wp-json\/wp\/v2\/types\/post"}],"author":[{"embeddable":true,"href":"https:\/\/www.kle-blatt.de\/blog\/wp-json\/wp\/v2\/users\/2"}],"replies":[{"embeddable":true,"href":"https:\/\/www.kle-blatt.de\/blog\/wp-json\/wp\/v2\/comments?post=22712"}],"version-history":[{"count":2,"href":"https:\/\/www.kle-blatt.de\/blog\/wp-json\/wp\/v2\/posts\/22712\/revisions"}],"predecessor-version":[{"id":33194,"href":"https:\/\/www.kle-blatt.de\/blog\/wp-json\/wp\/v2\/posts\/22712\/revisions\/33194"}],"wp:featuredmedia":[{"embeddable":true,"href":"https:\/\/www.kle-blatt.de\/blog\/wp-json\/wp\/v2\/media\/22713"}],"wp:attachment":[{"href":"https:\/\/www.kle-blatt.de\/blog\/wp-json\/wp\/v2\/media?parent=22712"}],"wp:term":[{"taxonomy":"category","embeddable":true,"href":"https:\/\/www.kle-blatt.de\/blog\/wp-json\/wp\/v2\/categories?post=22712"},{"taxonomy":"post_tag","embeddable":true,"href":"https:\/\/www.kle-blatt.de\/blog\/wp-json\/wp\/v2\/tags?post=22712"}],"curies":[{"name":"wp","href":"https:\/\/api.w.org\/{rel}","templated":true}]}}