{"id":22760,"date":"2023-03-15T07:00:20","date_gmt":"2023-03-15T05:00:20","guid":{"rendered":"http:\/\/www.kle-blatt.de\/blog\/?p=22760"},"modified":"2023-02-09T12:11:43","modified_gmt":"2023-02-09T10:11:43","slug":"wer-hat-adebar-schon-entdeckt","status":"publish","type":"post","link":"https:\/\/www.kle-blatt.de\/blog\/kleve-in-foto-video\/aus-dem-privatalbum\/wer-hat-adebar-schon-entdeckt.html","title":{"rendered":"Wer hat Adebar im Kleverland schon entdeckt?"},"content":{"rendered":"<p><strong>Wer hat Adebar im Kleverland schon entdeckt?<\/strong><\/p>\n<p>Es ist langsam an der Zeit, das die St\u00f6rche in unsere Region zur\u00fcck kommen oder waren sie \u00fcberhaupt nicht weg? Hat schon jemand einen oder mehrere entdeckt?<\/p>\n<p><img loading=\"lazy\" decoding=\"async\" class=\"size-full wp-image-22761 aligncenter\" src=\"https:\/\/www.kle-blatt.de\/blog\/wp-content\/uploads\/2018\/01\/storchenflug1.jpg\" alt=\"Wer hat Adebar im Kleverland schon entdeckt?\" width=\"850\" height=\"549\" srcset=\"https:\/\/www.kle-blatt.de\/blog\/wp-content\/uploads\/2018\/01\/storchenflug1.jpg 850w, https:\/\/www.kle-blatt.de\/blog\/wp-content\/uploads\/2018\/01\/storchenflug1-300x194.jpg 300w, https:\/\/www.kle-blatt.de\/blog\/wp-content\/uploads\/2018\/01\/storchenflug1-768x496.jpg 768w\" sizes=\"auto, (max-width: 850px) 100vw, 850px\" \/><br \/>\n(Foto: Klaus Viethen)<\/p>\n","protected":false},"excerpt":{"rendered":"<p>Wer hat Adebar im Kleverland schon entdeckt? Es ist langsam an der Zeit, das die St\u00f6rche in unsere Region zur\u00fcck &hellip; <a href=\"https:\/\/www.kle-blatt.de\/blog\/kleve-in-foto-video\/aus-dem-privatalbum\/wer-hat-adebar-schon-entdeckt.html\" class=\"more-link\"><span class=\"more-button\">Weiterlesen<span class=\"screen-reader-text\">Wer hat Adebar im Kleverland schon entdeckt?<\/span><\/span><\/a><\/p>\n","protected":false},"author":2,"featured_media":22761,"comment_status":"open","ping_status":"closed","sticky":false,"template":"","format":"standard","meta":{"footnotes":""},"categories":[20],"tags":[4584],"class_list":["post-22760","post","type-post","status-publish","format-standard","has-post-thumbnail","hentry","category-aus-dem-privatalbum","tag-wer-hat-adebar-schon-entdeckt"],"_links":{"self":[{"href":"https:\/\/www.kle-blatt.de\/blog\/wp-json\/wp\/v2\/posts\/22760","targetHints":{"allow":["GET"]}}],"collection":[{"href":"https:\/\/www.kle-blatt.de\/blog\/wp-json\/wp\/v2\/posts"}],"about":[{"href":"https:\/\/www.kle-blatt.de\/blog\/wp-json\/wp\/v2\/types\/post"}],"author":[{"embeddable":true,"href":"https:\/\/www.kle-blatt.de\/blog\/wp-json\/wp\/v2\/users\/2"}],"replies":[{"embeddable":true,"href":"https:\/\/www.kle-blatt.de\/blog\/wp-json\/wp\/v2\/comments?post=22760"}],"version-history":[{"count":2,"href":"https:\/\/www.kle-blatt.de\/blog\/wp-json\/wp\/v2\/posts\/22760\/revisions"}],"predecessor-version":[{"id":31806,"href":"https:\/\/www.kle-blatt.de\/blog\/wp-json\/wp\/v2\/posts\/22760\/revisions\/31806"}],"wp:featuredmedia":[{"embeddable":true,"href":"https:\/\/www.kle-blatt.de\/blog\/wp-json\/wp\/v2\/media\/22761"}],"wp:attachment":[{"href":"https:\/\/www.kle-blatt.de\/blog\/wp-json\/wp\/v2\/media?parent=22760"}],"wp:term":[{"taxonomy":"category","embeddable":true,"href":"https:\/\/www.kle-blatt.de\/blog\/wp-json\/wp\/v2\/categories?post=22760"},{"taxonomy":"post_tag","embeddable":true,"href":"https:\/\/www.kle-blatt.de\/blog\/wp-json\/wp\/v2\/tags?post=22760"}],"curies":[{"name":"wp","href":"https:\/\/api.w.org\/{rel}","templated":true}]}}