{"id":22907,"date":"2024-03-07T07:00:36","date_gmt":"2024-03-07T05:00:36","guid":{"rendered":"http:\/\/www.kle-blatt.de\/blog\/?p=22907"},"modified":"2024-02-10T12:53:42","modified_gmt":"2024-02-10T10:53:42","slug":"wer-kennt-diese-laterne","status":"publish","type":"post","link":"https:\/\/www.kle-blatt.de\/blog\/kleve-in-foto-video\/aus-dem-privatalbum\/wer-kennt-diese-laterne.html","title":{"rendered":"Wer kennt diese Laterne?"},"content":{"rendered":"<p><strong>Wer kennt diese Laterne?<\/strong><\/p>\n<p>Sie schr\u00e4nkt die klare Sicht auf das Dach des Schwanenturms ein. Eine sch\u00f6ne geschmiedete Laterne. Doch wer kennt sie und wei\u00df, wo genau sie h\u00e4ngt?<\/p>\n<p><img loading=\"lazy\" decoding=\"async\" class=\"size-full wp-image-22908 aligncenter\" src=\"https:\/\/www.kle-blatt.de\/blog\/wp-content\/uploads\/2018\/02\/burglaterne.jpg\" alt=\"Wer kennt diese Laterne?\" width=\"850\" height=\"567\" srcset=\"https:\/\/www.kle-blatt.de\/blog\/wp-content\/uploads\/2018\/02\/burglaterne.jpg 850w, https:\/\/www.kle-blatt.de\/blog\/wp-content\/uploads\/2018\/02\/burglaterne-300x200.jpg 300w, https:\/\/www.kle-blatt.de\/blog\/wp-content\/uploads\/2018\/02\/burglaterne-768x512.jpg 768w\" sizes=\"auto, (max-width: 850px) 100vw, 850px\" \/><br \/>\n(Foto: Klaus Viethen)<\/p>\n","protected":false},"excerpt":{"rendered":"<p>Wer kennt diese Laterne? Sie schr\u00e4nkt die klare Sicht auf das Dach des Schwanenturms ein. Eine sch\u00f6ne geschmiedete Laterne. Doch &hellip; <a href=\"https:\/\/www.kle-blatt.de\/blog\/kleve-in-foto-video\/aus-dem-privatalbum\/wer-kennt-diese-laterne.html\" class=\"more-link\"><span class=\"more-button\">Weiterlesen<span class=\"screen-reader-text\">Wer kennt diese Laterne?<\/span><\/span><\/a><\/p>\n","protected":false},"author":2,"featured_media":22908,"comment_status":"closed","ping_status":"closed","sticky":false,"template":"","format":"standard","meta":{"footnotes":""},"categories":[20],"tags":[4597],"class_list":["post-22907","post","type-post","status-publish","format-standard","has-post-thumbnail","hentry","category-aus-dem-privatalbum","tag-wer-kennt-diese-laterne"],"_links":{"self":[{"href":"https:\/\/www.kle-blatt.de\/blog\/wp-json\/wp\/v2\/posts\/22907","targetHints":{"allow":["GET"]}}],"collection":[{"href":"https:\/\/www.kle-blatt.de\/blog\/wp-json\/wp\/v2\/posts"}],"about":[{"href":"https:\/\/www.kle-blatt.de\/blog\/wp-json\/wp\/v2\/types\/post"}],"author":[{"embeddable":true,"href":"https:\/\/www.kle-blatt.de\/blog\/wp-json\/wp\/v2\/users\/2"}],"replies":[{"embeddable":true,"href":"https:\/\/www.kle-blatt.de\/blog\/wp-json\/wp\/v2\/comments?post=22907"}],"version-history":[{"count":2,"href":"https:\/\/www.kle-blatt.de\/blog\/wp-json\/wp\/v2\/posts\/22907\/revisions"}],"predecessor-version":[{"id":33419,"href":"https:\/\/www.kle-blatt.de\/blog\/wp-json\/wp\/v2\/posts\/22907\/revisions\/33419"}],"wp:featuredmedia":[{"embeddable":true,"href":"https:\/\/www.kle-blatt.de\/blog\/wp-json\/wp\/v2\/media\/22908"}],"wp:attachment":[{"href":"https:\/\/www.kle-blatt.de\/blog\/wp-json\/wp\/v2\/media?parent=22907"}],"wp:term":[{"taxonomy":"category","embeddable":true,"href":"https:\/\/www.kle-blatt.de\/blog\/wp-json\/wp\/v2\/categories?post=22907"},{"taxonomy":"post_tag","embeddable":true,"href":"https:\/\/www.kle-blatt.de\/blog\/wp-json\/wp\/v2\/tags?post=22907"}],"curies":[{"name":"wp","href":"https:\/\/api.w.org\/{rel}","templated":true}]}}