{"id":23042,"date":"2025-04-11T06:00:11","date_gmt":"2025-04-11T04:00:11","guid":{"rendered":"http:\/\/www.kle-blatt.de\/blog\/?p=23042"},"modified":"2025-04-11T10:02:05","modified_gmt":"2025-04-11T08:02:05","slug":"erinnerungswuerdig-die-telefonzelle-vor-mcdonalds","status":"publish","type":"post","link":"https:\/\/www.kle-blatt.de\/blog\/kleve-in-foto-video\/aus-dem-privatalbum\/erinnerungswuerdig-die-telefonzelle-vor-mcdonalds.html","title":{"rendered":"Erinnerungsw\u00fcrdig?: Die Telefonzelle vor McDonald&#8217;s"},"content":{"rendered":"<p><strong>Erinnerungsw\u00fcrdig?: Die Telefonzelle vor McDonald&#8217;s<\/strong><\/p>\n<p>Ziemlich l\u00e4diert sieht das Geh\u00e4use auf diesem Bild ja schon aus. Im Zuge der Handy- und Smartphone-\u00dcberschwemmung wurden Telefonzellen immer unwichtiger. Zumal die meisten davon \u00fcberhaupt nicht mehr intakt waren, da gerade bei diesen Relikten fr\u00fcherer Jahre die Zerst\u00f6rungswut der Unverbesserlichen extreme Ausma\u00dfe annahmen.<br \/>\nDieses Exemplar hier stand jahrelang vor McDonald&#8217;s auf dem Klosterplatz.<br \/>\n<img loading=\"lazy\" decoding=\"async\" class=\"size-full wp-image-23043 aligncenter\" src=\"https:\/\/www.kle-blatt.de\/blog\/wp-content\/uploads\/2018\/03\/telefonzelle-mcdonalds.jpg\" alt=\"Erinnerungsw\u00fcrdig Die Telefonzelle vor McDonald's\" width=\"850\" height=\"1379\" srcset=\"https:\/\/www.kle-blatt.de\/blog\/wp-content\/uploads\/2018\/03\/telefonzelle-mcdonalds.jpg 850w, https:\/\/www.kle-blatt.de\/blog\/wp-content\/uploads\/2018\/03\/telefonzelle-mcdonalds-185x300.jpg 185w, https:\/\/www.kle-blatt.de\/blog\/wp-content\/uploads\/2018\/03\/telefonzelle-mcdonalds-768x1246.jpg 768w, https:\/\/www.kle-blatt.de\/blog\/wp-content\/uploads\/2018\/03\/telefonzelle-mcdonalds-631x1024.jpg 631w\" sizes=\"auto, (max-width: 850px) 100vw, 850px\" \/><br \/>\n(Foto: Ralf Heyden)<\/p>\n","protected":false},"excerpt":{"rendered":"<p>Erinnerungsw\u00fcrdig?: Die Telefonzelle vor McDonald&#8217;s Ziemlich l\u00e4diert sieht das Geh\u00e4use auf diesem Bild ja schon aus. Im Zuge der Handy- &hellip; <a href=\"https:\/\/www.kle-blatt.de\/blog\/kleve-in-foto-video\/aus-dem-privatalbum\/erinnerungswuerdig-die-telefonzelle-vor-mcdonalds.html\" class=\"more-link\"><span class=\"more-button\">Weiterlesen<span class=\"screen-reader-text\">Erinnerungsw\u00fcrdig?: Die Telefonzelle vor McDonald&#8217;s<\/span><\/span><\/a><\/p>\n","protected":false},"author":2,"featured_media":23043,"comment_status":"closed","ping_status":"closed","sticky":false,"template":"","format":"standard","meta":{"footnotes":""},"categories":[20],"tags":[4617],"class_list":["post-23042","post","type-post","status-publish","format-standard","has-post-thumbnail","hentry","category-aus-dem-privatalbum","tag-erinnerungswuerdig-die-telefonzelle-vor-mcdonalds"],"_links":{"self":[{"href":"https:\/\/www.kle-blatt.de\/blog\/wp-json\/wp\/v2\/posts\/23042","targetHints":{"allow":["GET"]}}],"collection":[{"href":"https:\/\/www.kle-blatt.de\/blog\/wp-json\/wp\/v2\/posts"}],"about":[{"href":"https:\/\/www.kle-blatt.de\/blog\/wp-json\/wp\/v2\/types\/post"}],"author":[{"embeddable":true,"href":"https:\/\/www.kle-blatt.de\/blog\/wp-json\/wp\/v2\/users\/2"}],"replies":[{"embeddable":true,"href":"https:\/\/www.kle-blatt.de\/blog\/wp-json\/wp\/v2\/comments?post=23042"}],"version-history":[{"count":4,"href":"https:\/\/www.kle-blatt.de\/blog\/wp-json\/wp\/v2\/posts\/23042\/revisions"}],"predecessor-version":[{"id":35268,"href":"https:\/\/www.kle-blatt.de\/blog\/wp-json\/wp\/v2\/posts\/23042\/revisions\/35268"}],"wp:featuredmedia":[{"embeddable":true,"href":"https:\/\/www.kle-blatt.de\/blog\/wp-json\/wp\/v2\/media\/23043"}],"wp:attachment":[{"href":"https:\/\/www.kle-blatt.de\/blog\/wp-json\/wp\/v2\/media?parent=23042"}],"wp:term":[{"taxonomy":"category","embeddable":true,"href":"https:\/\/www.kle-blatt.de\/blog\/wp-json\/wp\/v2\/categories?post=23042"},{"taxonomy":"post_tag","embeddable":true,"href":"https:\/\/www.kle-blatt.de\/blog\/wp-json\/wp\/v2\/tags?post=23042"}],"curies":[{"name":"wp","href":"https:\/\/api.w.org\/{rel}","templated":true}]}}