{"id":23053,"date":"2023-04-19T06:10:09","date_gmt":"2023-04-19T04:10:09","guid":{"rendered":"http:\/\/www.kle-blatt.de\/blog\/?p=23053"},"modified":"2023-04-19T10:00:10","modified_gmt":"2023-04-19T08:00:10","slug":"besuche-doch-mal-die-lamas-im-klever-tiergarten","status":"publish","type":"post","link":"https:\/\/www.kle-blatt.de\/blog\/kleve-in-foto-video\/aus-dem-privatalbum\/besuche-doch-mal-die-lamas-im-klever-tiergarten.html","title":{"rendered":"Besuche doch mal die Lamas im Klever Tiergarten"},"content":{"rendered":"<p><strong>Besuche doch mal die Lamas im Klever Tiergarten<\/strong><\/p>\n<p>Nat\u00fcrlich verf\u00fcgt der Tiergarten in Kleve \u00fcber zahlreiche sehenswerte und sch\u00f6ne Tiere, die man dort besuchen sollte. Aber die Lamas sind etwas besonderes. Sie haben so sch\u00f6ne Augen, stellen die Damen fest und auch sonst sind sie recht am\u00fcsant. Naja &#8211; und spucken geh\u00f6rt in Kleve ja fast zur Stadt-Historie, wenn wir an den Beltermann denken.<\/p>\n<p><img loading=\"lazy\" decoding=\"async\" class=\"size-full wp-image-23054 aligncenter\" src=\"http:\/\/www.kle-blatt.de\/blog\/wp-content\/uploads\/2018\/03\/lamas-tiergarten-kleve.jpg\" alt=\"Besuche doch mal die Lamas im Klever Tiergarten\" width=\"850\" height=\"588\" \/><br \/>\n(Foto: KLE-Blatt)<\/p>\n","protected":false},"excerpt":{"rendered":"<p>Besuche doch mal die Lamas im Klever Tiergarten Nat\u00fcrlich verf\u00fcgt der Tiergarten in Kleve \u00fcber zahlreiche sehenswerte und sch\u00f6ne Tiere, &hellip; <a href=\"https:\/\/www.kle-blatt.de\/blog\/kleve-in-foto-video\/aus-dem-privatalbum\/besuche-doch-mal-die-lamas-im-klever-tiergarten.html\" class=\"more-link\"><span class=\"more-button\">Weiterlesen<span class=\"screen-reader-text\">Besuche doch mal die Lamas im Klever Tiergarten<\/span><\/span><\/a><\/p>\n","protected":false},"author":2,"featured_media":23054,"comment_status":"open","ping_status":"closed","sticky":false,"template":"","format":"standard","meta":{"footnotes":""},"categories":[20],"tags":[4620],"class_list":["post-23053","post","type-post","status-publish","format-standard","has-post-thumbnail","hentry","category-aus-dem-privatalbum","tag-besuche-doch-mal-die-lamas-im-klever-tiergarten"],"_links":{"self":[{"href":"https:\/\/www.kle-blatt.de\/blog\/wp-json\/wp\/v2\/posts\/23053","targetHints":{"allow":["GET"]}}],"collection":[{"href":"https:\/\/www.kle-blatt.de\/blog\/wp-json\/wp\/v2\/posts"}],"about":[{"href":"https:\/\/www.kle-blatt.de\/blog\/wp-json\/wp\/v2\/types\/post"}],"author":[{"embeddable":true,"href":"https:\/\/www.kle-blatt.de\/blog\/wp-json\/wp\/v2\/users\/2"}],"replies":[{"embeddable":true,"href":"https:\/\/www.kle-blatt.de\/blog\/wp-json\/wp\/v2\/comments?post=23053"}],"version-history":[{"count":2,"href":"https:\/\/www.kle-blatt.de\/blog\/wp-json\/wp\/v2\/posts\/23053\/revisions"}],"predecessor-version":[{"id":32059,"href":"https:\/\/www.kle-blatt.de\/blog\/wp-json\/wp\/v2\/posts\/23053\/revisions\/32059"}],"wp:featuredmedia":[{"embeddable":true,"href":"https:\/\/www.kle-blatt.de\/blog\/wp-json\/wp\/v2\/media\/23054"}],"wp:attachment":[{"href":"https:\/\/www.kle-blatt.de\/blog\/wp-json\/wp\/v2\/media?parent=23053"}],"wp:term":[{"taxonomy":"category","embeddable":true,"href":"https:\/\/www.kle-blatt.de\/blog\/wp-json\/wp\/v2\/categories?post=23053"},{"taxonomy":"post_tag","embeddable":true,"href":"https:\/\/www.kle-blatt.de\/blog\/wp-json\/wp\/v2\/tags?post=23053"}],"curies":[{"name":"wp","href":"https:\/\/api.w.org\/{rel}","templated":true}]}}