{"id":23276,"date":"2022-04-28T06:10:11","date_gmt":"2022-04-28T04:10:11","guid":{"rendered":"http:\/\/www.kle-blatt.de\/blog\/?p=23276"},"modified":"2022-03-14T12:29:51","modified_gmt":"2022-03-14T10:29:51","slug":"posieren-vor-der-klever-stadthalle","status":"publish","type":"post","link":"https:\/\/www.kle-blatt.de\/blog\/kleve-in-foto-video\/aus-dem-privatalbum\/posieren-vor-der-klever-stadthalle.html","title":{"rendered":"Posieren vor der Klever Stadthalle"},"content":{"rendered":"<p><strong>Posieren vor der Klever Stadthalle<\/strong><\/p>\n<p>Im Jahre 1967, als dieses Bild entstand, geh\u00f6rte es dazu, das man sich beim Sonntags-Spaziergang vor den Sehensw\u00fcrdigkeiten der Stadt pr\u00e4sentierte wie Schwanenburg oder Spuckm\u00e4nneken und das Ereignis ablichtete. Die nette Familie steht hier vor der Stadthalle in Kleve, die sich damals ja erst seit 2 Jahren dort befand.<\/p>\n<p><img loading=\"lazy\" decoding=\"async\" class=\"size-full wp-image-23277 aligncenter\" src=\"http:\/\/www.kle-blatt.de\/blog\/wp-content\/uploads\/2018\/03\/stadthalle.jpg\" alt=\"Posieren vor der Klever Stadthalle\" width=\"859\" height=\"597\" \/><br \/>\n(Foto: Ralf Heyden)<\/p>\n","protected":false},"excerpt":{"rendered":"<p>Posieren vor der Klever Stadthalle Im Jahre 1967, als dieses Bild entstand, geh\u00f6rte es dazu, das man sich beim Sonntags-Spaziergang &hellip; <a href=\"https:\/\/www.kle-blatt.de\/blog\/kleve-in-foto-video\/aus-dem-privatalbum\/posieren-vor-der-klever-stadthalle.html\" class=\"more-link\"><span class=\"more-button\">Weiterlesen<span class=\"screen-reader-text\">Posieren vor der Klever Stadthalle<\/span><\/span><\/a><\/p>\n","protected":false},"author":2,"featured_media":23277,"comment_status":"open","ping_status":"closed","sticky":false,"template":"","format":"standard","meta":{"footnotes":""},"categories":[20],"tags":[4682],"class_list":["post-23276","post","type-post","status-publish","format-standard","has-post-thumbnail","hentry","category-aus-dem-privatalbum","tag-posieren-vor-der-klever-stadthalle"],"_links":{"self":[{"href":"https:\/\/www.kle-blatt.de\/blog\/wp-json\/wp\/v2\/posts\/23276","targetHints":{"allow":["GET"]}}],"collection":[{"href":"https:\/\/www.kle-blatt.de\/blog\/wp-json\/wp\/v2\/posts"}],"about":[{"href":"https:\/\/www.kle-blatt.de\/blog\/wp-json\/wp\/v2\/types\/post"}],"author":[{"embeddable":true,"href":"https:\/\/www.kle-blatt.de\/blog\/wp-json\/wp\/v2\/users\/2"}],"replies":[{"embeddable":true,"href":"https:\/\/www.kle-blatt.de\/blog\/wp-json\/wp\/v2\/comments?post=23276"}],"version-history":[{"count":2,"href":"https:\/\/www.kle-blatt.de\/blog\/wp-json\/wp\/v2\/posts\/23276\/revisions"}],"predecessor-version":[{"id":30257,"href":"https:\/\/www.kle-blatt.de\/blog\/wp-json\/wp\/v2\/posts\/23276\/revisions\/30257"}],"wp:featuredmedia":[{"embeddable":true,"href":"https:\/\/www.kle-blatt.de\/blog\/wp-json\/wp\/v2\/media\/23277"}],"wp:attachment":[{"href":"https:\/\/www.kle-blatt.de\/blog\/wp-json\/wp\/v2\/media?parent=23276"}],"wp:term":[{"taxonomy":"category","embeddable":true,"href":"https:\/\/www.kle-blatt.de\/blog\/wp-json\/wp\/v2\/categories?post=23276"},{"taxonomy":"post_tag","embeddable":true,"href":"https:\/\/www.kle-blatt.de\/blog\/wp-json\/wp\/v2\/tags?post=23276"}],"curies":[{"name":"wp","href":"https:\/\/api.w.org\/{rel}","templated":true}]}}