{"id":23382,"date":"2026-05-12T07:10:43","date_gmt":"2026-05-12T05:10:43","guid":{"rendered":"http:\/\/www.kle-blatt.de\/blog\/?p=23382"},"modified":"2026-03-07T12:20:16","modified_gmt":"2026-03-07T10:20:16","slug":"wer-wohnte-auf-der-hohenzollern-strasse-in-kleve","status":"publish","type":"post","link":"https:\/\/www.kle-blatt.de\/blog\/kleve-in-foto-video\/wer-wohnte-auf-der-hohenzollern-strasse-in-kleve.html","title":{"rendered":"Wer wohnte auf der Hohenzollern-Stra\u00dfe in Kleve?"},"content":{"rendered":"<p><strong>Wer wohnte auf der Hohenzollern-Stra\u00dfe in Kleve?<\/strong><\/p>\n<p>Diesen Stra\u00dfennamen gab es nur kurze Zeit, denn nur zu Ehren des Kaisers, der im Jahre 1909 Kleve besuchte, wurde die damalige und heutige Ringstra\u00dfe so umbenannt. Auf dem Bild sehen wir die H\u00e4userzeile von Ecke Arnulfstra\u00dfe in Richtung Gymnasium.<\/p>\n<p><img loading=\"lazy\" decoding=\"async\" class=\"size-full wp-image-23383 aligncenter\" src=\"http:\/\/www.kle-blatt.de\/blog\/wp-content\/uploads\/2018\/04\/ringstra\u00dfe-reiner-grun.jpg\" alt=\"Wer wohnte auf der Hohenzollern-Stra\u00dfe in Kleve?\" width=\"850\" height=\"552\" srcset=\"https:\/\/www.kle-blatt.de\/blog\/wp-content\/uploads\/2018\/04\/ringstra\u00dfe-reiner-grun.jpg 850w, https:\/\/www.kle-blatt.de\/blog\/wp-content\/uploads\/2018\/04\/ringstra\u00dfe-reiner-grun-300x195.jpg 300w, https:\/\/www.kle-blatt.de\/blog\/wp-content\/uploads\/2018\/04\/ringstra\u00dfe-reiner-grun-768x499.jpg 768w\" sizes=\"auto, (max-width: 850px) 100vw, 850px\" \/><\/p>\n","protected":false},"excerpt":{"rendered":"<p>Wer wohnte auf der Hohenzollern-Stra\u00dfe in Kleve? Diesen Stra\u00dfennamen gab es nur kurze Zeit, denn nur zu Ehren des Kaisers, &hellip; <a href=\"https:\/\/www.kle-blatt.de\/blog\/kleve-in-foto-video\/wer-wohnte-auf-der-hohenzollern-strasse-in-kleve.html\" class=\"more-link\"><span class=\"more-button\">Weiterlesen<span class=\"screen-reader-text\">Wer wohnte auf der Hohenzollern-Stra\u00dfe in Kleve?<\/span><\/span><\/a><\/p>\n","protected":false},"author":2,"featured_media":23383,"comment_status":"closed","ping_status":"closed","sticky":false,"template":"","format":"standard","meta":{"footnotes":""},"categories":[3],"tags":[4701],"class_list":["post-23382","post","type-post","status-publish","format-standard","has-post-thumbnail","hentry","category-kleve-in-foto-video","tag-wer-wohnte-auf-der-hohenzollern-strasse-in-kleve"],"_links":{"self":[{"href":"https:\/\/www.kle-blatt.de\/blog\/wp-json\/wp\/v2\/posts\/23382","targetHints":{"allow":["GET"]}}],"collection":[{"href":"https:\/\/www.kle-blatt.de\/blog\/wp-json\/wp\/v2\/posts"}],"about":[{"href":"https:\/\/www.kle-blatt.de\/blog\/wp-json\/wp\/v2\/types\/post"}],"author":[{"embeddable":true,"href":"https:\/\/www.kle-blatt.de\/blog\/wp-json\/wp\/v2\/users\/2"}],"replies":[{"embeddable":true,"href":"https:\/\/www.kle-blatt.de\/blog\/wp-json\/wp\/v2\/comments?post=23382"}],"version-history":[{"count":2,"href":"https:\/\/www.kle-blatt.de\/blog\/wp-json\/wp\/v2\/posts\/23382\/revisions"}],"predecessor-version":[{"id":36649,"href":"https:\/\/www.kle-blatt.de\/blog\/wp-json\/wp\/v2\/posts\/23382\/revisions\/36649"}],"wp:featuredmedia":[{"embeddable":true,"href":"https:\/\/www.kle-blatt.de\/blog\/wp-json\/wp\/v2\/media\/23383"}],"wp:attachment":[{"href":"https:\/\/www.kle-blatt.de\/blog\/wp-json\/wp\/v2\/media?parent=23382"}],"wp:term":[{"taxonomy":"category","embeddable":true,"href":"https:\/\/www.kle-blatt.de\/blog\/wp-json\/wp\/v2\/categories?post=23382"},{"taxonomy":"post_tag","embeddable":true,"href":"https:\/\/www.kle-blatt.de\/blog\/wp-json\/wp\/v2\/tags?post=23382"}],"curies":[{"name":"wp","href":"https:\/\/api.w.org\/{rel}","templated":true}]}}